{"id":889,"date":"2015-03-02T16:59:03","date_gmt":"2015-03-02T16:59:03","guid":{"rendered":"https:\/\/climalit.es\/blog\/?p=889"},"modified":"2020-01-23T18:17:05","modified_gmt":"2020-01-23T17:17:05","slug":"convocatoria-de-los-premios-arquitectura-en-vidrio-2014","status":"publish","type":"post","link":"https:\/\/climalit.es\/blog\/convocatoria-de-los-premios-arquitectura-en-vidrio-2014\/","title":{"rendered":"Convocatoria de los premios \u201cArquitectura en Vidrio 2014\u201d"},"content":{"rendered":"<div class=\"bt_bb_wrapper\"><p>Os recordamos que la convocatoria de los premios <strong>\u201cArquitectura en Vidrio 2014\u201d <\/strong>de<strong> Saint-Gobain Cristaler\u00eda <\/strong>cierra el pr\u00f3ximo 15 de septiembre.<\/p>\n<p>Estos premios tienen el objetivo de distinguir los proyectos que apuesten por la utilizaci\u00f3n del vidrio como elemento constructivo principal de la envolvente del edificio. Saint-Gobain Cristaler\u00eda \/ CITAV quiere reconocer, no s\u00f3lo al autor, sino a todos los profesionales implicados que participan en el completo desarrollo del proyecto, como son los fachadistas, industriales, y\/o vidrieros.<\/p>\n<p><img loading=\"lazy\" class=\"alignleft size-full wp-image-890\" src=\"https:\/\/climalit.es\/blog\/wp-content\/uploads\/Arq-en-Vidrio-1080x546.jpg\" alt=\"Arq-en-Vidrio-1080x546\" width=\"1080\" height=\"546\" \/><\/p>\n<p>Por ello se establecen tres categor\u00edas independientes:<\/p>\n<ul>\n<li>Premio al mejor proyecto<\/li>\n<li>Premio a la mejor fachada<\/li>\n<li>Premio a la mejor soluci\u00f3n en vidrio<\/li>\n<\/ul>\n<p>Cada una de las categor\u00edas estar\u00e1 dotada con un premio en met\u00e1lico, diploma y placa acreditativa del galard\u00f3n obtenido, que se instalar\u00e1 en el edificio objeto de la distinci\u00f3n. Adem\u00e1s se establecer\u00e1n acc\u00e9sits y menciones para cada una de las categor\u00edas.<\/p>\n<p>Pueden participar y optar a los Premios todos los profesionales de la arquitectura\u00a0 e industriales que utilicen vidrio de Saint-Gobain Glass. Los proyectos presentados deben estar ubicados en Espa\u00f1a\u00a0o Portugal y se deben haber ejecutado dentro del periodo 2013-2014.<\/p>\n<p>Todav\u00eda est\u00e1n a tiempo de participar en estos premios con sus proyectos o con aquellos que est\u00e9n realizando actualmente. Puede encontrar las bases completas del concurso y m\u00e1s informaci\u00f3n en:<\/p>\n<p><a title=\"Premios Arquitectura en Vidrio 2014\" href=\"https:\/\/www.premiosarquitecturaenvidrio.com\/\" target=\"_blank\" rel=\"noopener noreferrer\">www.premiosarquitecturaenvidrio.com<\/a><\/p>\n<p>Saint-Gobain Cristaler\u00eda cuenta para la organizaci\u00f3n, divulgaci\u00f3n y convocatoria con el apoyo del Consejo Superior de Colegios de Arquitectura de Espa\u00f1a (CSCAE), de quien es Entidad Colaboradora.<\/p>\n<\/div>","protected":false},"excerpt":{"rendered":"<p>Os recordamos que la convocatoria de los premios \u201cArquitectura en Vidrio 2014\u201d de Saint-Gobain Cristaler\u00eda cierra el pr\u00f3ximo 15 de septiembre. Estos premios tienen el objetivo de distinguir los proyectos que apuesten por la utilizaci\u00f3n del vidrio como elemento constructivo&#8230;<\/p>\n","protected":false},"author":1,"featured_media":890,"comment_status":"closed","ping_status":"open","sticky":false,"template":"","format":"standard","meta":{"amp_status":""},"categories":[40],"tags":[80,260,261,355],"acf":[],"_links":{"self":[{"href":"https:\/\/climalit.es\/blog\/wp-json\/wp\/v2\/posts\/889"}],"collection":[{"href":"https:\/\/climalit.es\/blog\/wp-json\/wp\/v2\/posts"}],"about":[{"href":"https:\/\/climalit.es\/blog\/wp-json\/wp\/v2\/types\/post"}],"author":[{"embeddable":true,"href":"https:\/\/climalit.es\/blog\/wp-json\/wp\/v2\/users\/1"}],"replies":[{"embeddable":true,"href":"https:\/\/climalit.es\/blog\/wp-json\/wp\/v2\/comments?post=889"}],"version-history":[{"count":1,"href":"https:\/\/climalit.es\/blog\/wp-json\/wp\/v2\/posts\/889\/revisions"}],"predecessor-version":[{"id":5465,"href":"https:\/\/climalit.es\/blog\/wp-json\/wp\/v2\/posts\/889\/revisions\/5465"}],"wp:featuredmedia":[{"embeddable":true,"href":"https:\/\/climalit.es\/blog\/wp-json\/wp\/v2\/media\/890"}],"wp:attachment":[{"href":"https:\/\/climalit.es\/blog\/wp-json\/wp\/v2\/media?parent=889"}],"wp:term":[{"taxonomy":"category","embeddable":true,"href":"https:\/\/climalit.es\/blog\/wp-json\/wp\/v2\/categories?post=889"},{"taxonomy":"post_tag","embeddable":true,"href":"https:\/\/climalit.es\/blog\/wp-json\/wp\/v2\/tags?post=889"}],"curies":[{"name":"wp","href":"https:\/\/api.w.org\/{rel}","templated":true}]}}