{"id":882,"date":"2014-09-02T16:52:13","date_gmt":"2014-09-02T16:52:13","guid":{"rendered":"https:\/\/climalit.es\/blog\/?p=882"},"modified":"2020-01-23T18:17:16","modified_gmt":"2020-01-23T17:17:16","slug":"saint-gobain-glass-curso-aislamiento-y-acristalamientos-alta-eficiencia-rehabilitacion-energetica-de-edificios","status":"publish","type":"post","link":"https:\/\/climalit.es\/blog\/saint-gobain-glass-curso-aislamiento-y-acristalamientos-alta-eficiencia-rehabilitacion-energetica-de-edificios\/","title":{"rendered":"Saint-Gobain Glass participar\u00e1 en el Curso de Aislamiento y Acristalamientos"},"content":{"rendered":"<div class=\"bt_bb_wrapper\"><p><strong>Saint-Gobain Glass participar\u00e1 en el Curso de Aislamiento y Acristalamientos de Alta Eficiencia para la Rehabilitaci\u00f3n Energ\u00e9tica de Edificios, los d\u00edas 15, 16, 17 y 18 de septiembre.<\/strong><\/p>\n<p>Ante el incesante incremento del precio de la energ\u00eda, unido a la necesidad de garantizar un confort t\u00e9rmico y ac\u00fastico en las viviendas, la rehabilitaci\u00f3n energ\u00e9tica est\u00e1 cobrando una mayor relevancia, por cuanto supone unos ahorros econ\u00f3micos que justifican e incluso rentabilizan las inversiones acometidas. En estos trabajos de rehabilitaci\u00f3n, se debe acometer la mejora de la envolvente del edificio tanto en su parte opaca de las fachadas y cubiertas, como en su parte transl\u00facida de las ventanas, con las nuevas t\u00e9cnicas de aislamiento.<\/p>\n<p>Los huecos acristalados de los edificios cobran especial inter\u00e9s, ya que son uno de los elementos m\u00e1s sensibles de la envolvente y afectan sobremanera a la energ\u00e9tica edificatoria (a trav\u00e9s de las ventanas se pierde un porcentaje relativamente alto, entre el 15 y el 25%, de la energ\u00eda consumida en la calefacci\u00f3n y refrigeraci\u00f3n de los espacios interiores).<\/p>\n<p>En este contexto, la Consejer\u00eda de Econom\u00eda y Hacienda, a trav\u00e9s de la Direcci\u00f3n General de Industria, Energ\u00eda y Minas, junto con la Fundaci\u00f3n de la Energ\u00eda de la Comunidad de Madrid organizan este Curso de Aislamiento y Acristalamientos de Alta Eficiencia para la Rehabilitaci\u00f3n Energ\u00e9tica de Edificios.<\/p>\n<p>Don Eduardo De Ramos Vilari\u00f1o, Director de CITAV (Centro de Informaci\u00f3n T\u00e9cnica de Saint-Gobain Glass), participar\u00e1 con una ponencia en la que abordar\u00e1 las propiedades t\u00e9rmicas de acristalamientos aislantes y tipolog\u00edas con Vidrios de Aislamiento T\u00e9rmico y Control de Radiaci\u00f3n Solar <small>SGG<\/small> CLIMALIT PLUS y <small>SGG<\/small> COOL-LITE. La mejora de la envolvente del edificio es fundamental para alcanzar un m\u00ednimo de Eficiencia Energ\u00e9tica. Esta mejora debe comenzarse por los elementos t\u00e9rmicamente m\u00e1s d\u00e9biles, las ventanas.<\/p>\n<\/div>","protected":false},"excerpt":{"rendered":"<p>Saint-Gobain Glass participar\u00e1 en el Curso de Aislamiento y Acristalamientos de Alta Eficiencia para la Rehabilitaci\u00f3n Energ\u00e9tica de Edificios, los d\u00edas 15, 16, 17 y 18 de septiembre.<\/p>\n","protected":false},"author":1,"featured_media":883,"comment_status":"closed","ping_status":"open","sticky":false,"template":"","format":"standard","meta":{"amp_status":""},"categories":[40],"tags":[47,170,282],"acf":[],"_links":{"self":[{"href":"https:\/\/climalit.es\/blog\/wp-json\/wp\/v2\/posts\/882"}],"collection":[{"href":"https:\/\/climalit.es\/blog\/wp-json\/wp\/v2\/posts"}],"about":[{"href":"https:\/\/climalit.es\/blog\/wp-json\/wp\/v2\/types\/post"}],"author":[{"embeddable":true,"href":"https:\/\/climalit.es\/blog\/wp-json\/wp\/v2\/users\/1"}],"replies":[{"embeddable":true,"href":"https:\/\/climalit.es\/blog\/wp-json\/wp\/v2\/comments?post=882"}],"version-history":[{"count":1,"href":"https:\/\/climalit.es\/blog\/wp-json\/wp\/v2\/posts\/882\/revisions"}],"predecessor-version":[{"id":5468,"href":"https:\/\/climalit.es\/blog\/wp-json\/wp\/v2\/posts\/882\/revisions\/5468"}],"wp:featuredmedia":[{"embeddable":true,"href":"https:\/\/climalit.es\/blog\/wp-json\/wp\/v2\/media\/883"}],"wp:attachment":[{"href":"https:\/\/climalit.es\/blog\/wp-json\/wp\/v2\/media?parent=882"}],"wp:term":[{"taxonomy":"category","embeddable":true,"href":"https:\/\/climalit.es\/blog\/wp-json\/wp\/v2\/categories?post=882"},{"taxonomy":"post_tag","embeddable":true,"href":"https:\/\/climalit.es\/blog\/wp-json\/wp\/v2\/tags?post=882"}],"curies":[{"name":"wp","href":"https:\/\/api.w.org\/{rel}","templated":true}]}}