{"id":878,"date":"2014-09-10T16:40:14","date_gmt":"2014-09-10T16:40:14","guid":{"rendered":"https:\/\/climalit.es\/blog\/?p=878"},"modified":"2020-01-23T18:17:16","modified_gmt":"2020-01-23T17:17:16","slug":"saint-gobain-glass-participo-en-la-carrera-medio-maraton-bajo-pas","status":"publish","type":"post","link":"https:\/\/climalit.es\/blog\/saint-gobain-glass-participo-en-la-carrera-medio-maraton-bajo-pas\/","title":{"rendered":"Saint-Gobain Glass particip\u00f3 en la carrera Medio-Marat\u00f3n <b>BAJO<\/b> <b>PAS<\/b>"},"content":{"rendered":"<div class=\"bt_bb_wrapper\"><p>El domingo 7 de septiembre del 2014<\/p>\n<p>\u201c\u00a1Somos \u00fanicos y de Renedo! Nadie m\u00e1s fabrica vidrio impreso en Espa\u00f1a\u201d fue el eslogan que reuni\u00f3 este fin de semana a los clientes de Saint-Gobain Glass y a sus empleados en un ambiente deportivo y amistoso en la carrera Bajo Pas.<\/p>\n<p>Con motivo de la carrera, se ha organizado para los clientes y empleados de Saint-Gobain Glass una visita al centro de producci\u00f3n de Renedo reci\u00e9n reformado. Una ocasi\u00f3n perfecta para mostrar \u201cin situ\u201d las t\u00e9cnicas de producci\u00f3n del vidrio impreso y ense\u00f1ar las \u00faltimas novedades: <small>SGG<\/small> U-GLAS de color, <small>SGG<\/small> PICTO el vidrio anti-brillo para el mercado de la enmarcaci\u00f3n y <small>SGG<\/small> PIXARENA con su dibujo moderno y elegante, tambi\u00e9n disponible en versi\u00f3n laminado.<\/p>\n<p>&nbsp;<\/p>\n<p><img loading=\"lazy\" class=\"alignnone size-full wp-image-880\" src=\"https:\/\/climalit.es\/blog\/wp-content\/uploads\/Camiseta-foto-FACEBOOK-755x675.jpg\" alt=\"Camiseta-foto-FACEBOOK-755x675\" width=\"755\" height=\"675\" \/><\/p>\n<p>&nbsp;<\/p>\n<p>La media-marat\u00f3n anual organizada por el municipio de Pi\u00e9lagos en Cantabria pasa por la f\u00e1brica de Saint-Gobain Glass, \u00fanico centro de producci\u00f3n de vidrios impresos en Espa\u00f1a.<\/p>\n<p>&nbsp;<\/p>\n<\/div>","protected":false},"excerpt":{"rendered":"<p>El domingo 7 de septiembre del 2014 \u201c\u00a1Somos \u00fanicos y de Renedo! Nadie m\u00e1s fabrica vidrio impreso en Espa\u00f1a\u201d fue el eslogan que reuni\u00f3 este fin de semana a los clientes de Saint-Gobain Glass y a sus empleados en un&#8230;<\/p>\n","protected":false},"author":1,"featured_media":880,"comment_status":"closed","ping_status":"open","sticky":false,"template":"","format":"standard","meta":{"amp_status":""},"categories":[40],"tags":[117,195,286],"acf":[],"_links":{"self":[{"href":"https:\/\/climalit.es\/blog\/wp-json\/wp\/v2\/posts\/878"}],"collection":[{"href":"https:\/\/climalit.es\/blog\/wp-json\/wp\/v2\/posts"}],"about":[{"href":"https:\/\/climalit.es\/blog\/wp-json\/wp\/v2\/types\/post"}],"author":[{"embeddable":true,"href":"https:\/\/climalit.es\/blog\/wp-json\/wp\/v2\/users\/1"}],"replies":[{"embeddable":true,"href":"https:\/\/climalit.es\/blog\/wp-json\/wp\/v2\/comments?post=878"}],"version-history":[{"count":3,"href":"https:\/\/climalit.es\/blog\/wp-json\/wp\/v2\/posts\/878\/revisions"}],"predecessor-version":[{"id":5056,"href":"https:\/\/climalit.es\/blog\/wp-json\/wp\/v2\/posts\/878\/revisions\/5056"}],"wp:featuredmedia":[{"embeddable":true,"href":"https:\/\/climalit.es\/blog\/wp-json\/wp\/v2\/media\/880"}],"wp:attachment":[{"href":"https:\/\/climalit.es\/blog\/wp-json\/wp\/v2\/media?parent=878"}],"wp:term":[{"taxonomy":"category","embeddable":true,"href":"https:\/\/climalit.es\/blog\/wp-json\/wp\/v2\/categories?post=878"},{"taxonomy":"post_tag","embeddable":true,"href":"https:\/\/climalit.es\/blog\/wp-json\/wp\/v2\/tags?post=878"}],"curies":[{"name":"wp","href":"https:\/\/api.w.org\/{rel}","templated":true}]}}