{"id":8004,"date":"2025-01-16T14:02:28","date_gmt":"2025-01-16T13:02:28","guid":{"rendered":"https:\/\/climalit.es\/blog\/?p=8004"},"modified":"2025-01-17T11:33:38","modified_gmt":"2025-01-17T10:33:38","slug":"corrientes-de-aire-frio-en-ventanas-evita-perdidas-de-calor-en-tu-hogar","status":"publish","type":"post","link":"https:\/\/climalit.es\/blog\/corrientes-de-aire-frio-en-ventanas-evita-perdidas-de-calor-en-tu-hogar\/","title":{"rendered":"<b>Corrientes de aire fr\u00edo en ventanas:<\/b> evita p\u00e9rdidas de calor en tu hogar"},"content":{"rendered":"<div class=\"bt_bb_wrapper\"><p>Las corrientes de aire fr\u00edo que entran por las ventanas son uno de los principales factores que afectan la <strong>eficiencia energ\u00e9tica de un hogar<\/strong>, aumentando los <strong>costes de calefacci\u00f3n y reduciendo la sostenibilidad de las edificaciones. <span style=\"color: #ffffff;\">Corrientes de aire fr\u00edo en ventanas: evita p\u00e9rdidas de calor en tu hogar<\/span><\/strong><\/p>\n<p>&nbsp;<\/p>\n<p>&nbsp;<\/p>\n<p><img loading=\"lazy\" class=\"aligncenter wp-image-8006\" src=\"https:\/\/climalit.es\/blog\/wp-content\/uploads\/2025\/01\/Corrientesairefrioventanas-Climalit2.jpg\" alt=\"Hombre tomando caf\u00e9 junto a ventana Climalit\" width=\"860\" height=\"614\" srcset=\"https:\/\/climalit.es\/blog\/wp-content\/uploads\/2025\/01\/Corrientesairefrioventanas-Climalit2.jpg 882w, https:\/\/climalit.es\/blog\/wp-content\/uploads\/2025\/01\/Corrientesairefrioventanas-Climalit2-640x457.jpg 640w, https:\/\/climalit.es\/blog\/wp-content\/uploads\/2025\/01\/Corrientesairefrioventanas-Climalit2-768x549.jpg 768w, https:\/\/climalit.es\/blog\/wp-content\/uploads\/2025\/01\/Corrientesairefrioventanas-Climalit2-320x229.jpg 320w\" sizes=\"(max-width: 860px) 100vw, 860px\" \/><\/p>\n<p><strong><span style=\"color: #ffffff;\">Corrientes de aire fr\u00edo en ventanas: evita p\u00e9rdidas de calor en tu hogar<\/span><\/strong><\/p>\n<h5><\/h5>\n<h5>CORRIENTES DE AIRE FR\u00cdO EN EL HOGAR<\/h5>\n<p>Las corrientes de aire fr\u00edo en las ventanas pueden ser causadas por diversos factores relacionados con su <strong>instalaci\u00f3n, dise\u00f1o y estado general.<\/strong> Una de las principales causas es el <strong>desgaste del material de sellado,<\/strong> que con el tiempo <strong>pierde su capacidad de bloquear eficazmente el paso del aire<\/strong>. Esto puede agravarse si la instalaci\u00f3n inicial fue deficiente, dejando espacios que permiten la entrada de aire fr\u00edo.<\/p>\n<p>Otra causa com\u00fan es el <strong>uso de materiales de baja calidad en las ventanas<\/strong>. Por ejemplo, los marcos de aluminio sin rotura de<strong> puente t\u00e9rmico <\/strong>o los vidrios simples no proporcionan un aislamiento adecuado frente a las temperaturas externas, lo que facilita la transferencia de fr\u00edo al interior de la vivienda.<\/p>\n<p><strong>El dise\u00f1o y la construcci\u00f3n antiguos<\/strong> tambi\u00e9n juegan un papel importante. Muchas viviendas tradicionales tienen ventanas que no fueron concebidas bajo los est\u00e1ndares modernos de <strong>aislamiento t\u00e9rmico<\/strong>, lo que las hace <strong>menos eficientes en t\u00e9rminos energ\u00e9ticos.<\/strong><\/p>\n<p>Los <strong>movimientos estructurales de los edificios<\/strong>, como los <strong>asentamiento<\/strong>s que ocurren con el tiempo, pueden desalinear las ventanas. Esto genera peque\u00f1os espacios entre el marco y la pared, permitiendo la entrada de corrientes de aire fr\u00edo y comprometiendo el confort t\u00e9rmico del hogar.<\/p>\n<p>&nbsp;<\/p>\n<h5 style=\"text-align: center;\"><span style=\"color: #136380;\">BENEFICIOS DE APLICAR SOLUCIONES T\u00c9RMICAS EN EL HOGAR<\/span><\/h5>\n<p><strong><img loading=\"lazy\" class=\"wp-image-8008 aligncenter\" src=\"https:\/\/climalit.es\/blog\/wp-content\/uploads\/2025\/01\/SG_Pictos_de\u2560u\u0308grade\u2560u\u0308s_branchement.png\" alt=\"\" width=\"70\" height=\"70\" srcset=\"https:\/\/climalit.es\/blog\/wp-content\/uploads\/2025\/01\/SG_Pictos_de\u2560u\u0308grade\u2560u\u0308s_branchement.png 1182w, https:\/\/climalit.es\/blog\/wp-content\/uploads\/2025\/01\/SG_Pictos_de\u2560u\u0308grade\u2560u\u0308s_branchement-640x640.png 640w, https:\/\/climalit.es\/blog\/wp-content\/uploads\/2025\/01\/SG_Pictos_de\u2560u\u0308grade\u2560u\u0308s_branchement-160x160.png 160w, https:\/\/climalit.es\/blog\/wp-content\/uploads\/2025\/01\/SG_Pictos_de\u2560u\u0308grade\u2560u\u0308s_branchement-768x768.png 768w, https:\/\/climalit.es\/blog\/wp-content\/uploads\/2025\/01\/SG_Pictos_de\u2560u\u0308grade\u2560u\u0308s_branchement-320x320.png 320w\" sizes=\"(max-width: 70px) 100vw, 70px\" \/><\/strong><\/p>\n<p style=\"text-align: center;\"><strong>Ahorro energ\u00e9tico a largo plazo<\/strong><br \/>\nReducci\u00f3n significativa en las facturas de calefacci\u00f3n.<\/p>\n<p>&nbsp;<\/p>\n<p style=\"text-align: center;\"><strong><img loading=\"lazy\" class=\"wp-image-8007 aligncenter\" src=\"https:\/\/climalit.es\/blog\/wp-content\/uploads\/2025\/01\/SG_d_Piece2.png\" alt=\"\" width=\"70\" height=\"70\" srcset=\"https:\/\/climalit.es\/blog\/wp-content\/uploads\/2025\/01\/SG_d_Piece2.png 1182w, https:\/\/climalit.es\/blog\/wp-content\/uploads\/2025\/01\/SG_d_Piece2-640x640.png 640w, https:\/\/climalit.es\/blog\/wp-content\/uploads\/2025\/01\/SG_d_Piece2-160x160.png 160w, https:\/\/climalit.es\/blog\/wp-content\/uploads\/2025\/01\/SG_d_Piece2-768x768.png 768w, https:\/\/climalit.es\/blog\/wp-content\/uploads\/2025\/01\/SG_d_Piece2-320x320.png 320w\" sizes=\"(max-width: 70px) 100vw, 70px\" \/>Incremento del valor de la vivienda:<\/strong><strong><br \/>\n<\/strong>Las propiedades con sistemas de eficiencia energ\u00e9tica son m\u00e1s atractivas en el mercado<\/p>\n<p>&nbsp;<\/p>\n<p style=\"text-align: center;\"><strong><img loading=\"lazy\" class=\"wp-image-8009 aligncenter\" src=\"https:\/\/climalit.es\/blog\/wp-content\/uploads\/2025\/01\/SG_Pictos_de\u2560u\u0308grade\u2560u\u0308s_recyclage.png\" alt=\"\" width=\"70\" height=\"70\" srcset=\"https:\/\/climalit.es\/blog\/wp-content\/uploads\/2025\/01\/SG_Pictos_de\u2560u\u0308grade\u2560u\u0308s_recyclage.png 1182w, https:\/\/climalit.es\/blog\/wp-content\/uploads\/2025\/01\/SG_Pictos_de\u2560u\u0308grade\u2560u\u0308s_recyclage-640x640.png 640w, https:\/\/climalit.es\/blog\/wp-content\/uploads\/2025\/01\/SG_Pictos_de\u2560u\u0308grade\u2560u\u0308s_recyclage-160x160.png 160w, https:\/\/climalit.es\/blog\/wp-content\/uploads\/2025\/01\/SG_Pictos_de\u2560u\u0308grade\u2560u\u0308s_recyclage-768x768.png 768w, https:\/\/climalit.es\/blog\/wp-content\/uploads\/2025\/01\/SG_Pictos_de\u2560u\u0308grade\u2560u\u0308s_recyclage-320x320.png 320w\" sizes=\"(max-width: 70px) 100vw, 70px\" \/>Mayor sostenibilidad:<\/strong><br \/>\nDisminuci\u00f3n del impacto ambiental mediante la reducci\u00f3n del consumo de energ\u00eda.<\/p>\n<p>&nbsp;<\/p>\n<p><img loading=\"lazy\" class=\"aligncenter wp-image-8005\" src=\"https:\/\/climalit.es\/blog\/wp-content\/uploads\/2025\/01\/Corrientesairefrioventanas-Climalit.jpg\" alt=\"\" width=\"860\" height=\"572\" srcset=\"https:\/\/climalit.es\/blog\/wp-content\/uploads\/2025\/01\/Corrientesairefrioventanas-Climalit.jpg 842w, https:\/\/climalit.es\/blog\/wp-content\/uploads\/2025\/01\/Corrientesairefrioventanas-Climalit-640x426.jpg 640w, https:\/\/climalit.es\/blog\/wp-content\/uploads\/2025\/01\/Corrientesairefrioventanas-Climalit-768x511.jpg 768w, https:\/\/climalit.es\/blog\/wp-content\/uploads\/2025\/01\/Corrientesairefrioventanas-Climalit-320x213.jpg 320w, https:\/\/climalit.es\/blog\/wp-content\/uploads\/2025\/01\/Corrientesairefrioventanas-Climalit-660x440.jpg 660w, https:\/\/climalit.es\/blog\/wp-content\/uploads\/2025\/01\/Corrientesairefrioventanas-Climalit-330x220.jpg 330w\" sizes=\"(max-width: 860px) 100vw, 860px\" \/><\/p>\n<p>&nbsp;<\/p>\n<h5><strong>SOLUCIONES PARA EVITAR LAS CORRIENTES DE AIRE FR\u00cdO<\/strong><\/h5>\n<p>Para mitigar las corrientes de aire fr\u00edo a trav\u00e9s de las ventanas y mejorar la eficiencia energ\u00e9tica de tu hogar, es fundamental considerar soluciones de aislamiento de alta calidad. Saint-Gobain Glass ofrece una variedad de productos dise\u00f1ados para este prop\u00f3sito.<\/p>\n<p><strong>Marcos y sellados de calidad:<\/strong><\/p>\n<p>Adem\u00e1s del acristalamiento, es esencial asegurar que los marcos de las ventanas est\u00e9n fabricados con materiales que minimicen la transferencia de calor, como aquellos con rotura de puente t\u00e9rmico. Un sellado adecuado alrededor de la ventana previene infiltraciones de aire fr\u00edo, garantizando un aislamiento \u00f3ptimo.<\/p>\n<p><strong>Instalaci\u00f3n profesional:<\/strong><\/p>\n<p>Una instalaci\u00f3n correcta es crucial para el rendimiento de las ventanas. Los profesionales deben asegurar que no haya espacios entre el marco y la estructura del edificio, y que los sellados est\u00e9n perfectamente aplicados para evitar filtraciones de aire.<\/p>\n<p><strong>Mantenimiento regular:<\/strong><\/p>\n<p>Inspeccionar peri\u00f3dicamente el estado de las ventanas y sus sellados permite identificar y corregir posibles deterioros que puedan comprometer el aislamiento t\u00e9rmico, asegurando as\u00ed su eficacia a largo plazo.<\/p>\n<p>Implementar estas soluciones contribuye a reducir las corrientes de aire fr\u00edo, mejorar la eficiencia energ\u00e9tica y aumentar el confort en el hogar.<\/p>\n<p><strong>Resolver las corrientes de aire fr\u00edo<\/strong> en las ventanas no solo <strong>mejora el confort y reduce los costos<\/strong>, sino que tambi\u00e9n es un paso clave hacia la <strong>sostenibilidad y el dise\u00f1o eficiente<\/strong>. Implementar soluciones t\u00e9cnicas de calidad asegura un hogar m\u00e1s c\u00e1lido, eficiente y respetuoso con el medio ambiente.<\/p>\n<p>&nbsp;<\/p>\n<h2><span style=\"color: #136380;\"><strong>EVITA LAS PERDIDAS DE CALOR EN TU HOGAR CON CLIMALIT <\/strong><\/span><\/h2>\n<p>&nbsp;<\/p>\n<p>Dentro de los acristalamientos que te recomendamos para minimizar las p\u00e9rdidas de temperatura de tu hogar, Saint-Gobain Glass ofrece distintas soluciones para cada necesidad dentro de su gama Climalit Plus\u00ae:<\/p>\n<p><strong>CLIMALIT PLUS\u00ae con PLANISTAR\u00ae ONE<\/strong>: Es un <strong>vidrio de capa de control solar y baja emisividad con alta selectividad<\/strong><strong>.<\/strong>\u00a0Refleja la energ\u00eda de la radiaci\u00f3n solar hacia el exterior y reduce la entrada de energ\u00eda solar, proporciona\u00a0<strong>un aislamiento t\u00e9rmico reforzado<\/strong>\u00a0que limita la p\u00e9rdida de calor hacia el exterior durante los per\u00edodos fr\u00edos.<\/p>\n<p><strong>CLIMALIT PLUS\u00ae con PLANITHERM\u00ae 4S: <\/strong><strong>Es un<\/strong> acristalamiento de altas prestaciones, dise\u00f1ado para proporcionar confort durante todo el a\u00f1o. Combina aislamiento t\u00e9rmico reforzado y control solar, adapt\u00e1ndose a las variaciones clim\u00e1ticas de las cuatro estaciones.<\/p>\n<p><strong>CLIMALIT PLUS\u00ae con PLANITHERM\u00ae XN: <\/strong><strong>Se basa en un<\/strong> acristalamiento de alto rendimiento dise\u00f1ado para proporcionar un excelente aislamiento t\u00e9rmico, especialmente en climas fr\u00edos<\/p>\n<p>No lo dudes m\u00e1s y cambia el cristal de tu vivienda. Si est\u00e1s interesado en descubrir el cristal m\u00e1s adecuado para tu vivienda, que te permita preservar el medio ambiente y ahorrar en las facturas energ\u00e9ticas, te invitamos a explorar\u00a0<span style=\"color: #136380;\">\u00ab<a style=\"color: #136380;\" href=\"https:\/\/urldefense.com\/v3\/__https:\/cambiatusventanas.climalit.es\/__;!!Mj5yV84exmbMMB4!u4fnG8F6J3FVg0YVYC7WxQ5izGpOU6w5U-gPS1XwNbBjZKbmHexnYCA7Ok2AdIK1v7sL9GWeiQdob-A2Rut4z-KRTQ$\"><strong>Cambia Tus Ventanas<\/strong><\/a>\u00bb<\/span>, disponible en la web de\u00a0<span style=\"color: #136380;\"><a style=\"color: #136380;\" href=\"https:\/\/climalit.es\/\"><strong>Climalit\u00ae<\/strong><\/a><\/span><strong>.<\/strong><\/p>\n<p>\u00bfQuieres conocer m\u00e1s sobre las soluciones de acristalamiento? \u00a1Visita las redes sociales de\u00a0<span style=\"color: #136380;\"><a style=\"color: #136380;\" href=\"https:\/\/urldefense.com\/v3\/__https:\/www.saint-gobain-glass.es\/es__;!!Mj5yV84exmbMMB4!u4fnG8F6J3FVg0YVYC7WxQ5izGpOU6w5U-gPS1XwNbBjZKbmHexnYCA7Ok2AdIK1v7sL9GWeiQdob-A2RutynLkteA$\"><strong>Saint-Gobain Glass<\/strong><\/a>!<\/span> Encu\u00e9ntranos en <span style=\"color: #136380;\"><a style=\"color: #136380;\" href=\"https:\/\/urldefense.com\/v3\/__https:\/www.facebook.com\/SGGlassSpain\/?locale=es_LA__;!!Mj5yV84exmbMMB4!u4fnG8F6J3FVg0YVYC7WxQ5izGpOU6w5U-gPS1XwNbBjZKbmHexnYCA7Ok2AdIK1v7sL9GWeiQdob-A2RusIKscfDA$\"><strong>Facebook<\/strong><\/a><\/span>\u00a0,<a href=\"https:\/\/urldefense.com\/v3\/__https:\/www.linkedin.com\/company\/saint-gobain-glass-espana\/?originalSubdomain=es__;!!Mj5yV84exmbMMB4!u4fnG8F6J3FVg0YVYC7WxQ5izGpOU6w5U-gPS1XwNbBjZKbmHexnYCA7Ok2AdIK1v7sL9GWeiQdob-A2RuuDirOKcA$\"><strong>\u00a0<\/strong><span style=\"color: #136380;\"><strong>Linkedin<\/strong><\/span><\/a>\u00a0y en nuestra<span style=\"color: #136380;\">\u00a0<a style=\"color: #136380;\" href=\"https:\/\/urldefense.com\/v3\/__https:\/www.saint-gobain-glass.es\/es__;!!Mj5yV84exmbMMB4!u4fnG8F6J3FVg0YVYC7WxQ5izGpOU6w5U-gPS1XwNbBjZKbmHexnYCA7Ok2AdIK1v7sL9GWeiQdob-A2RutynLkteA$\"><strong>p\u00e1gina web<\/strong><\/a><\/span><strong>.<\/strong><\/p>\n<p>\u00bfTienes algo que decir? \u00a1Haz clic ahora en\u00a0<span style=\"color: #136380;\"><a style=\"color: #136380;\" href=\"https:\/\/urldefense.com\/v3\/__https:\/climalit.es\/blog\/climalit-opina\/__;!!Mj5yV84exmbMMB4!u4fnG8F6J3FVg0YVYC7WxQ5izGpOU6w5U-gPS1XwNbBjZKbmHexnYCA7Ok2AdIK1v7sL9GWeiQdob-A2RuuXEjMqOw$\"><strong>Climalit\u00ae Opina<\/strong><\/a><\/span>\u00a0y comparte tus sugerencias sobre temas que te interesen! Tu opini\u00f3n es importante para nosotros y queremos escucharte.<\/p>\n<p><strong><span style=\"color: #ffffff;\">Corrientes de aire fr\u00edo en ventanas: evita p\u00e9rdidas de calor en tu hogar<\/span><\/strong><\/p>\n<a href=\"https:\/\/climalit.es\/descubre-climalit-plus\/\" class=\"btPrevNext btPrev btbeneficios\">\n        <div class=\"btPrevNextItem\" style=\"text-align: center; margin-top: 60px\">\n            <div class=\"btPrevNextTitle2\" style=\"color:#fff;font-size: 20px;font-weight: normal;background: #136380;text-align: center;display: inline-flex;border-radius: 150px;padding: 10px 45px;text-transform: uppercase;font-weight: 600;margin: 0px auto;\">Beneficios Climalit Plus<\/div>\n        <\/div>\n    <\/a>\n<\/div>","protected":false},"excerpt":{"rendered":"<p>Las corrientes de aire fr\u00edo que entran por las ventanas son uno de los principales factores que afectan la eficiencia energ\u00e9tica de un hogar, aumentando los costes de calefacci\u00f3n y reduciendo la sostenibilidad de las edificaciones. Corrientes de aire fr\u00edo&#8230;<\/p>\n","protected":false},"author":1,"featured_media":8006,"comment_status":"closed","ping_status":"closed","sticky":false,"template":"","format":"standard","meta":{"amp_status":""},"categories":[40,43],"tags":[47,67,70,117,120,131,162,286],"acf":[],"_links":{"self":[{"href":"https:\/\/climalit.es\/blog\/wp-json\/wp\/v2\/posts\/8004"}],"collection":[{"href":"https:\/\/climalit.es\/blog\/wp-json\/wp\/v2\/posts"}],"about":[{"href":"https:\/\/climalit.es\/blog\/wp-json\/wp\/v2\/types\/post"}],"author":[{"embeddable":true,"href":"https:\/\/climalit.es\/blog\/wp-json\/wp\/v2\/users\/1"}],"replies":[{"embeddable":true,"href":"https:\/\/climalit.es\/blog\/wp-json\/wp\/v2\/comments?post=8004"}],"version-history":[{"count":9,"href":"https:\/\/climalit.es\/blog\/wp-json\/wp\/v2\/posts\/8004\/revisions"}],"predecessor-version":[{"id":8023,"href":"https:\/\/climalit.es\/blog\/wp-json\/wp\/v2\/posts\/8004\/revisions\/8023"}],"wp:featuredmedia":[{"embeddable":true,"href":"https:\/\/climalit.es\/blog\/wp-json\/wp\/v2\/media\/8006"}],"wp:attachment":[{"href":"https:\/\/climalit.es\/blog\/wp-json\/wp\/v2\/media?parent=8004"}],"wp:term":[{"taxonomy":"category","embeddable":true,"href":"https:\/\/climalit.es\/blog\/wp-json\/wp\/v2\/categories?post=8004"},{"taxonomy":"post_tag","embeddable":true,"href":"https:\/\/climalit.es\/blog\/wp-json\/wp\/v2\/tags?post=8004"}],"curies":[{"name":"wp","href":"https:\/\/api.w.org\/{rel}","templated":true}]}}