{"id":7929,"date":"2024-09-25T09:15:05","date_gmt":"2024-09-25T07:15:05","guid":{"rendered":"https:\/\/climalit.es\/blog\/?p=7929"},"modified":"2024-09-25T09:58:26","modified_gmt":"2024-09-25T07:58:26","slug":"adelantate-al-invierno-y-prepara-tus-ventanas","status":"publish","type":"post","link":"https:\/\/climalit.es\/blog\/adelantate-al-invierno-y-prepara-tus-ventanas\/","title":{"rendered":"Adel\u00e1ntate al invierno y prepara tus ventanas"},"content":{"rendered":"<div class=\"bt_bb_wrapper\"><p>Con la llegada del invierno, preparamos el hogar para el fr\u00edo, pero \u00bfhas pensado si tus <strong>ventanas<\/strong> est\u00e1n listas? Son la <strong>primera barrera contra el exterior<\/strong>, y si no est\u00e1n en buen estado, podr\u00edan comprometer tu <strong>confort<\/strong>. En este art\u00edculo te contamos por qu\u00e9 es vital prepararlas antes del fr\u00edo, las ventajas de hacerlo a tiempo y c\u00f3mo un buen <strong>acristalamiento<\/strong> mejora la <strong>eficiencia energ\u00e9tica<\/strong> y te ayuda a ahorrar dinero. <span style=\"color: #ffffff;\">Adel\u00e1ntate al invierno y prepara tus ventanas<\/span><\/p>\n<p>&nbsp;<\/p>\n<p><img loading=\"lazy\" class=\"aligncenter  wp-image-7931\" src=\"https:\/\/climalit.es\/blog\/wp-content\/uploads\/2024\/09\/PreparaventanasinviernoCLimalit.jpg\" alt=\"Imagen de mujer mirando por la ventana\" width=\"860\" height=\"430\" srcset=\"https:\/\/climalit.es\/blog\/wp-content\/uploads\/2024\/09\/PreparaventanasinviernoCLimalit.jpg 1200w, https:\/\/climalit.es\/blog\/wp-content\/uploads\/2024\/09\/PreparaventanasinviernoCLimalit-640x320.jpg 640w, https:\/\/climalit.es\/blog\/wp-content\/uploads\/2024\/09\/PreparaventanasinviernoCLimalit-768x384.jpg 768w, https:\/\/climalit.es\/blog\/wp-content\/uploads\/2024\/09\/PreparaventanasinviernoCLimalit-320x160.jpg 320w, https:\/\/climalit.es\/blog\/wp-content\/uploads\/2024\/09\/PreparaventanasinviernoCLimalit-660x330.jpg 660w, https:\/\/climalit.es\/blog\/wp-content\/uploads\/2024\/09\/PreparaventanasinviernoCLimalit-330x165.jpg 330w\" sizes=\"(max-width: 860px) 100vw, 860px\" \/><\/p>\n<p>&nbsp;<\/p>\n<h2><span style=\"color: #136380;\"><strong>\u00bfPor qu\u00e9 es importante preparar tus ventanas antes del invierno?<\/strong><\/span><\/h2>\n<p>El <strong>invierno<\/strong> trae consigo <strong>bajas temperaturas, fuertes vientos y humedad<\/strong>, lo que pone a prueba la capacidad de <strong>aislamiento<\/strong> de tu <strong>hogar<\/strong>. Las <em><strong>ventanas<\/strong><\/em> juegan un papel clave en esta ecuaci\u00f3n. Si no est\u00e1n <strong>bien selladas<\/strong> o si no cuentan con un <em><strong>vidrio<\/strong><\/em> <strong>adecuado<\/strong>, no solo <strong>sentir\u00e1s el fr\u00edo filtrarse<\/strong>, sino que tambi\u00e9n <strong>perder\u00e1s gran parte del calor<\/strong> generado por tu sistema de calefacci\u00f3n, lo que afectar\u00e1 directamente tu <em><strong>bienestar<\/strong><\/em> y te har\u00e1 gastar m\u00e1s dinero en energ\u00eda. Adem\u00e1s, preparar las <em><strong>ventanas<\/strong><\/em> a tiempo te permitir\u00e1 detectar y <strong>solucionar problemas<\/strong> como <strong>filtraciones de aire o humedad<\/strong>, evitando grandes <em>inconvenientes<\/em> en el futuro.<\/p>\n<p>&nbsp;<\/p>\n<h5><strong>Filtraciones de aire y su impacto en el confort y ahorro<\/strong><\/h5>\n<p>Una <em><strong>ventana<\/strong><\/em><strong> mal sellada<\/strong> puede permitir la <strong>entrada de corrientes de aire fr\u00edo<\/strong>, lo que obliga a tu sistema de calefacci\u00f3n a trabajar m\u00e1s para mantener una temperatura agradable. Esto no solo <strong>afecta<\/strong> el <em><strong>confort<\/strong><\/em> de tu hogar, sino que tambi\u00e9n <strong>incrementa<\/strong> significativamente tu <strong>factura de energ\u00eda<\/strong>. Las filtraciones de aire son una de las principales causas de <strong>ineficiencia energ\u00e9tica<\/strong> en las viviendas y, al prepararlas antes del invierno, puedes asegurar un <em><strong>ahorro de dinero<\/strong><\/em> considerable durante los meses fr\u00edos.<\/p>\n<p>&nbsp;<\/p>\n<h5><strong>Condensaci\u00f3n en ventanas y sus consecuencias<\/strong><\/h5>\n<p>El <strong>exceso de humedad<\/strong> en el interior de la vivienda puede dar lugar a <strong>condensaci\u00f3n<\/strong> en las <strong>ventanas<\/strong>, lo que a su vez puede provocar la aparici\u00f3n de moho y da\u00f1ar los marcos de estas. La condensaci\u00f3n no solo afecta la visibilidad de las ventanas, sino que tambi\u00e9n puede <strong>impactar<\/strong> en la <strong>salud de los habitantes<\/strong> de la casa si se permite la proliferaci\u00f3n de <strong>hongos<\/strong>. Una correcta preparaci\u00f3n de tus <em><strong>ventanas<\/strong><\/em> ayudar\u00e1 a minimizar estos <em>problemas<\/em>.<\/p>\n<p>&nbsp;<\/p>\n<h5><strong>Seguridad y protecci\u00f3n frente a intrusos y robos<\/strong><\/h5>\n<p>El invierno, adem\u00e1s de ser una temporada de fr\u00edo, tambi\u00e9n es un momento en el que la <strong>seguridad<\/strong> en el hogar debe reforzarse. Las <em><strong>ventanas<\/strong><\/em> en <strong>mal estado<\/strong> pueden ser un <strong>punto d\u00e9bil<\/strong> en la seguridad de tu hogar, facilitando posibles <em><strong>robos<\/strong><\/em> o la entrada de <em>intrusos<\/em>. <strong>Preparar tus<\/strong> <strong>ventanas<\/strong> antes de que llegue el invierno no solo garantiza el <em><strong>confort<\/strong><\/em>, sino tambi\u00e9n la <em><strong>protecci\u00f3n<\/strong><\/em><strong> de tu hogar y tu <em>familia<\/em><\/strong>. Una <strong>ventana bien sellada<\/strong>, con el <em><strong>vidrio<\/strong><\/em> <strong>adecuado<\/strong>, puede ser una <strong>barrera efectiva<\/strong> contra cualquier intento de acceso no autorizado.<\/p>\n<p>&nbsp;<\/p>\n<h5><strong>Ventajas de un buen acristalamiento para el invierno<\/strong><\/h5>\n<p>Invertir en un buen <em><strong>acristalamiento<\/strong><\/em> es una de las decisiones m\u00e1s inteligentes que puedes tomar para mejorar la <strong>eficiencia energ\u00e9tica<\/strong> de tu hogar y asegurar el <em><strong>confort<\/strong><\/em> durante todo el a\u00f1o. Un sistema de <span style=\"color: #136380;\"><a style=\"color: #136380;\" href=\"https:\/\/climalit.es\/blog\/guia-para-elegir-el-vidrio-de-tus-ventanas\/\"><strong>doble o triple acristalamiento<\/strong><\/a><\/span><strong> reduce<\/strong> significativamente la <strong>transferencia de calor entre el interior y el exterior<\/strong>, lo que ayuda a mantener una <strong>temperatura constante en casa<\/strong> sin tener que depender tanto de la calefacci\u00f3n.<\/p>\n<p>Con un <em><strong>acristalamiento<\/strong><\/em> adecuado, el fr\u00edo se queda fuera, y el calor generado en tu hogar permanece dentro, lo que se traduce en un considerable <em><strong>ahorro de dinero<\/strong><\/em>. Adem\u00e1s, un buen <em><strong>acristalamiento<\/strong><\/em> no solo ofrece protecci\u00f3n frente al fr\u00edo, sino que tambi\u00e9n <strong>act\u00faa<\/strong> como una <strong>barrera contra el ruido exterior<\/strong>, brind\u00e1ndote una mayor sensaci\u00f3n de <em>tranquilidad<\/em> y bienestar en tu hogar. Si vives en una zona ruidosa o con tr\u00e1fico constante, las ventanas con <a href=\"https:\/\/climalit.es\/blog\/guia-para-elegir-el-vidrio-de-tus-ventanas\/\"><strong><span style=\"color: #136380;\">doble o triple acristalamiento<\/span><\/strong><\/a> pueden mejorar notablemente tu calidad de vida.<\/p>\n<p>&nbsp;<\/p>\n<h5><strong>\u00bfC\u00f3mo el acristalamiento influye en el aislamiento y eficiencia energ\u00e9tica?<\/strong><\/h5>\n<p>El <em><strong>acristalamiento<\/strong><\/em> es fundamental para el <span style=\"color: #136380;\"><a style=\"color: #136380;\" href=\"https:\/\/climalit.es\/blog\/motivos-por-los-que-contar-con-ventanas-aislantes\/\"><strong>aislamiento en ventanas<\/strong><\/a><\/span>, ya que act\u00faa como una <strong>barrera t\u00e9rmica<\/strong> que minimiza la p\u00e9rdida de calor durante los meses fr\u00edos y evita que el calor del exterior entre durante el verano. Un buen <em><strong>acristalamiento<\/strong><\/em> reduce la necesidad de encender la calefacci\u00f3n constantemente, ya que el calor generado en tu hogar no se escapa a trav\u00e9s de las <em><strong>ventanas<\/strong><\/em>.<\/p>\n<p>Esto no solo <strong>mejora<\/strong> la <em><strong>eficiencia energ\u00e9tica<\/strong><\/em> de tu hogar, sino que tambi\u00e9n contribuye a reducir tu <em><strong>huella de carbono<\/strong><\/em>, al disminuir la cantidad de energ\u00eda que consumes. Con menos emisiones y un menor gasto energ\u00e9tico, no solo ayudas al medio ambiente, sino que tambi\u00e9n contribuyes a un hogar m\u00e1s eficiente y sostenible.<\/p>\n<p><span style=\"color: #ffffff;\">Adel\u00e1ntate al invierno y prepara tus ventanas<\/span><\/p>\n<h2><span style=\"color: #136380;\"><strong>La importancia de revisar el estado de <\/strong><a style=\"color: #136380;\" href=\"https:\/\/climalit.es\/blog\/problemas-comunes-en-el-sellado-de-ventanas\/\"><strong>sellados y marcos<\/strong><\/a><\/span><\/h2>\n<p>Al preparar tus <em><strong>ventanas<\/strong><\/em> para el invierno, uno de los aspectos m\u00e1s importantes a revisar es el estado de los <span style=\"color: #136380;\"><a style=\"color: #136380;\" href=\"https:\/\/climalit.es\/blog\/problemas-comunes-en-el-sellado-de-ventanas\/\"><strong>sellados y marcos<\/strong><\/a><\/span>. Con el tiempo, los sellados pueden desgastarse, permitiendo la entrada de aire fr\u00edo y comprometiendo el aislamiento de tu hogar. Un <strong>mal sellado<\/strong> puede generar no solo la <strong>p\u00e9rdida de calor<\/strong>, sino tambi\u00e9n <strong>problemas de condensaci\u00f3n y da\u00f1os<\/strong> en los materiales que componen la <strong>ventana<\/strong>. <strong>Revisar y reforzar los sellados<\/strong> antes del invierno te asegurar\u00e1 que el fr\u00edo no entre y el calor no se escape, optimizando el <em><strong>bienestar<\/strong><\/em> en el hogar.<\/p>\n<p>Adem\u00e1s, los <strong>marcos<\/strong> tambi\u00e9n deben ser inspeccionados. Los marcos de <strong>ventanas<\/strong> de madera, por ejemplo, pueden <strong>sufrir deformaciones debido a la humedad<\/strong> acumulada durante el a\u00f1o. Al <strong>revisar<\/strong> el estado de los marcos, aseguras que la estructura de la ventana mantenga su integridad, evitando futuros <em>problemas<\/em> de <strong>aislamiento<\/strong> y mejorando la <em><strong>protecci\u00f3n<\/strong><\/em> de tu hogar frente al fr\u00edo.<\/p>\n<p>&nbsp;<\/p>\n<h2><span style=\"color: #136380;\"><strong>Ahorro y eficiencia energ\u00e9tica con el vidrio adecuado<\/strong><\/span><\/h2>\n<p>Al optar por un buen <em><strong>vidrio<\/strong><\/em> en tus <em><strong>ventanas<\/strong><\/em>, no solo est\u00e1s mejorando la <strong>seguridad<\/strong> y el <em><strong>confort<\/strong><\/em> de tu hogar, sino que tambi\u00e9n est\u00e1s invirtiendo en un <strong>ahorro a largo plazo<\/strong>. Un buen sistema de <em><strong>acristalamiento<\/strong><\/em> optimiza la <em><strong>eficiencia energ\u00e9tica<\/strong><\/em> de tu hogar, lo que significa que necesitar\u00e1s menos energ\u00eda para mantener una temperatura agradable en el interior. Esto se traduce en un menor gasto en calefacci\u00f3n durante el invierno y un menor impacto en el medio ambiente.<\/p>\n<p>&nbsp;<\/p>\n<p><img loading=\"lazy\" class=\"aligncenter  wp-image-7930\" src=\"https:\/\/climalit.es\/blog\/wp-content\/uploads\/2024\/09\/PreparaventanasinviernoClimalit_2.jpg\" alt=\"Imagen de mujer sentada en el sal\u00f3n de su vivienda\" width=\"860\" height=\"430\" srcset=\"https:\/\/climalit.es\/blog\/wp-content\/uploads\/2024\/09\/PreparaventanasinviernoClimalit_2.jpg 1200w, https:\/\/climalit.es\/blog\/wp-content\/uploads\/2024\/09\/PreparaventanasinviernoClimalit_2-640x320.jpg 640w, https:\/\/climalit.es\/blog\/wp-content\/uploads\/2024\/09\/PreparaventanasinviernoClimalit_2-768x384.jpg 768w, https:\/\/climalit.es\/blog\/wp-content\/uploads\/2024\/09\/PreparaventanasinviernoClimalit_2-320x160.jpg 320w, https:\/\/climalit.es\/blog\/wp-content\/uploads\/2024\/09\/PreparaventanasinviernoClimalit_2-660x330.jpg 660w, https:\/\/climalit.es\/blog\/wp-content\/uploads\/2024\/09\/PreparaventanasinviernoClimalit_2-330x165.jpg 330w\" sizes=\"(max-width: 860px) 100vw, 860px\" \/><\/p>\n<p><span style=\"color: #ffffff;\">Adel\u00e1ntate al invierno y prepara tus ventanas<\/span><\/p>\n<h3><span style=\"color: #136380;\"><strong>Disfruta de un hogar c\u00e1lido con <\/strong><a style=\"color: #136380;\" href=\"https:\/\/climalit.es\/\"><strong>Climalit\u00ae<\/strong><\/a><\/span><\/h3>\n<p>La soluci\u00f3n <span style=\"color: #136380;\"><a style=\"color: #136380;\" href=\"https:\/\/climalit.es\/climalit-plus\/\"><strong>Climalit Plus\u00ae con Planistar\u00aeOne<\/strong><\/a><\/span> es ideal para disfrutar de una temperatura adecuada y confortable en los \u00faltimos meses del a\u00f1o.<\/p>\n<p>Su gama de <strong>dobles y triples acristalamientos<\/strong> cuenta con un <strong>aislamiento t\u00e9rmico reforzado<\/strong>, lo que conlleva a mantener una temperatura agradable en el interior, evitando la entrada de fr\u00edo. Adem\u00e1s, cuenta con un excelente <strong>aislamiento t\u00e9rmico<\/strong>, lo que ayuda a mantener el calor dentro de tu hogar durante los meses m\u00e1s fr\u00edos, mientras que los rayos UV siguen siendo bloqueados en gran medida, aumentando el confort y la eficiencia energ\u00e9tica en tu vivienda<\/p>\n<p>Por otro lado, permite la <strong>mayor entrada de luz natural<\/strong> para que disfrutes del sol en cualquier estancia de tu hogar sin que tu confort y tu disfrute se vean afectados y, cuenta con un <strong>excelente balance energ\u00e9tico y medioambiental<\/strong>, mejorando la <strong>eficiencia energ\u00e9tica<\/strong> de tu hogar y reduciendo las facturas de calefacci\u00f3n, consiguiendo un <strong>ahorro<\/strong> importante.<\/p>\n<p>Adem\u00e1s, si buscas disminuir el ruido exterior para lograr mayor tranquilidad y confort, el acristalamiento laminado <span style=\"color: #136380;\"><a style=\"color: #136380;\" href=\"https:\/\/climalit.es\/2020\/05\/09\/stadip-silence-acristalamiento-laminado-con-prestaciones-acusticas-de-seguridad\/\"><strong>STADIP SILENCE\u00ae<\/strong><\/a><\/span> proporciona un aislamiento ac\u00fastico sobresaliente y garantiza la seguridad de los residentes.<\/p>\n<p>No lo dudes m\u00e1s y cambia el <strong>crista<\/strong>l de tu vivienda. Si est\u00e1s interesado en descubrir el cristal m\u00e1s adecuado para tu vivienda, que te permita preservar el medio ambiente y ahorrar en las facturas energ\u00e9ticas, te invitamos a explorar <a href=\"https:\/\/cambiatusventanas.climalit.es\/\"><strong><span style=\"color: #136380;\">\u00abCambia Tus Ventanas\u00bb<\/span>,<\/strong><\/a> disponible en la web de <a href=\"https:\/\/climalit.es\/\"><strong><span style=\"color: #136380;\">Climalit\u00ae<\/span>.<\/strong><\/a><\/p>\n<p>\u00bfQuieres conocer m\u00e1s sobre las soluciones de acristalamiento? \u00a1Visita las redes sociales de <span style=\"color: #136380;\"><a style=\"color: #136380;\" href=\"https:\/\/www.saint-gobain-glass.es\/es\"><strong>Saint-Gobain Glass<\/strong><\/a><\/span>! Encu\u00e9ntranos en <span style=\"color: #136380;\"><a style=\"color: #136380;\" href=\"https:\/\/www.facebook.com\/SGGlassSpain\/?locale=es_LA\"><strong>Facebook<\/strong><\/a><\/span> ,<span style=\"color: #136380;\"><a style=\"color: #136380;\" href=\"https:\/\/www.linkedin.com\/company\/saint-gobain-glass-espana\/?originalSubdomain=es\"> <strong>Linkedin<\/strong><\/a><\/span> y en nuestra <span style=\"color: #136380;\"><a style=\"color: #136380;\" href=\"https:\/\/www.saint-gobain-glass.es\/es\"><strong>p\u00e1gina web<\/strong><\/a><\/span><strong>.<\/strong><\/p>\n<p>\u00bfTienes algo que decir? \u00a1Haz clic ahora en\u00a0<strong><a href=\"https:\/\/climalit.es\/blog\/climalit-opina\/\"><span style=\"color: #136380;\">Climalit\u00ae Opina<\/span>\u00a0<\/a><\/strong>y comparte tus sugerencias sobre temas que te interesen! Tu opini\u00f3n es importante para nosotros y queremos escucharte.<\/p>\n<p><span style=\"color: #ffffff;\">Adel\u00e1ntate al invierno y prepara tus ventanas<\/span><\/p>\n<p>&nbsp;<\/p>\n<a href=\"https:\/\/climalit.es\/descubre-climalit-plus\/\" class=\"btPrevNext btPrev btbeneficios\">\n        <div class=\"btPrevNextItem\" style=\"text-align: center; margin-top: 60px\">\n            <div class=\"btPrevNextTitle2\" style=\"color:#fff;font-size: 20px;font-weight: normal;background: #136380;text-align: center;display: inline-flex;border-radius: 150px;padding: 10px 45px;text-transform: uppercase;font-weight: 600;margin: 0px auto;\">Beneficios Climalit Plus<\/div>\n        <\/div>\n    <\/a>\n<p>&nbsp;<\/p>\n<\/div>","protected":false},"excerpt":{"rendered":"<p>Con la llegada del invierno, preparamos el hogar para el fr\u00edo, pero \u00bfhas pensado si tus ventanas est\u00e1n listas? Son la primera barrera contra el exterior, y si no est\u00e1n en buen estado, podr\u00edan comprometer tu confort. En este art\u00edculo&#8230;<\/p>\n","protected":false},"author":1,"featured_media":7931,"comment_status":"closed","ping_status":"closed","sticky":false,"template":"","format":"standard","meta":{"amp_status":""},"categories":[40,43],"tags":[67,120,186,286],"acf":[],"_links":{"self":[{"href":"https:\/\/climalit.es\/blog\/wp-json\/wp\/v2\/posts\/7929"}],"collection":[{"href":"https:\/\/climalit.es\/blog\/wp-json\/wp\/v2\/posts"}],"about":[{"href":"https:\/\/climalit.es\/blog\/wp-json\/wp\/v2\/types\/post"}],"author":[{"embeddable":true,"href":"https:\/\/climalit.es\/blog\/wp-json\/wp\/v2\/users\/1"}],"replies":[{"embeddable":true,"href":"https:\/\/climalit.es\/blog\/wp-json\/wp\/v2\/comments?post=7929"}],"version-history":[{"count":1,"href":"https:\/\/climalit.es\/blog\/wp-json\/wp\/v2\/posts\/7929\/revisions"}],"predecessor-version":[{"id":7932,"href":"https:\/\/climalit.es\/blog\/wp-json\/wp\/v2\/posts\/7929\/revisions\/7932"}],"wp:featuredmedia":[{"embeddable":true,"href":"https:\/\/climalit.es\/blog\/wp-json\/wp\/v2\/media\/7931"}],"wp:attachment":[{"href":"https:\/\/climalit.es\/blog\/wp-json\/wp\/v2\/media?parent=7929"}],"wp:term":[{"taxonomy":"category","embeddable":true,"href":"https:\/\/climalit.es\/blog\/wp-json\/wp\/v2\/categories?post=7929"},{"taxonomy":"post_tag","embeddable":true,"href":"https:\/\/climalit.es\/blog\/wp-json\/wp\/v2\/tags?post=7929"}],"curies":[{"name":"wp","href":"https:\/\/api.w.org\/{rel}","templated":true}]}}