{"id":7494,"date":"2024-05-22T09:10:47","date_gmt":"2024-05-22T07:10:47","guid":{"rendered":"https:\/\/climalit.es\/blog\/?p=7494"},"modified":"2024-08-23T10:18:25","modified_gmt":"2024-08-23T08:18:25","slug":"como-las-ventanas-afectan-al-cambio-climatico","status":"publish","type":"post","link":"https:\/\/climalit.es\/blog\/como-las-ventanas-afectan-al-cambio-climatico\/","title":{"rendered":"C\u00f3mo las ventanas afectan al cambio clim\u00e1tico"},"content":{"rendered":"<div class=\"bt_bb_wrapper\"><p><span style=\"color: #ffffff;\">C\u00f3mo las ventanas afectan al cambio clim\u00e1tico<br \/>\n<\/span>\u00bfAlguna vez has considerado c\u00f3mo las ventanas de tu hogar pueden estar contribuyendo al <strong>cambio clim\u00e1tico<\/strong>? Es posible que no lo hayas pensado, pero el tipo de ventanas que elijas puede marcar una gran diferencia en el impacto ambiental que generas. En este art\u00edculo, vamos a explorar c\u00f3mo las <strong>ventanas<\/strong> y el <strong>acristalamiento<\/strong> pueden influir en el cambio clim\u00e1tico, as\u00ed como las consecuencias de optar por ventanas de baja calidad.<\/p>\n<p><img loading=\"lazy\" class=\"aligncenter wp-image-7496\" src=\"https:\/\/climalit.es\/blog\/wp-content\/uploads\/2024\/05\/Ventana-cambio-clima\u0301tico-Climalit.jpg\" alt=\"Imagen de ventanas climalit en un hogar\" width=\"850\" height=\"425\" srcset=\"https:\/\/climalit.es\/blog\/wp-content\/uploads\/2024\/05\/Ventana-cambio-clima\u0301tico-Climalit.jpg 1200w, https:\/\/climalit.es\/blog\/wp-content\/uploads\/2024\/05\/Ventana-cambio-clima\u0301tico-Climalit-640x320.jpg 640w, https:\/\/climalit.es\/blog\/wp-content\/uploads\/2024\/05\/Ventana-cambio-clima\u0301tico-Climalit-768x384.jpg 768w, https:\/\/climalit.es\/blog\/wp-content\/uploads\/2024\/05\/Ventana-cambio-clima\u0301tico-Climalit-320x160.jpg 320w, https:\/\/climalit.es\/blog\/wp-content\/uploads\/2024\/05\/Ventana-cambio-clima\u0301tico-Climalit-660x330.jpg 660w, https:\/\/climalit.es\/blog\/wp-content\/uploads\/2024\/05\/Ventana-cambio-clima\u0301tico-Climalit-330x165.jpg 330w\" sizes=\"(max-width: 850px) 100vw, 850px\" \/><\/p>\n<p>&nbsp;<\/p>\n<h2><span style=\"color: #136380;\"><strong>El impacto ambiental de las ventanas de baja calidad<\/strong><\/span><\/h2>\n<p>Las ventanas de baja calidad pueden ser responsables de una p\u00e9rdida significativa de energ\u00eda en tu hogar. Esto significa que necesitar\u00e1s usar m\u00e1s calefacci\u00f3n en invierno y m\u00e1s aire acondicionado en verano, lo que aumenta tu consumo de energ\u00eda y, por lo tanto, tu <strong>huella de carbono<\/strong>. Adem\u00e1s, las fugas de aire causadas por ventanas mal selladas tambi\u00e9n pueden permitir que el aire contaminado entre en tu hogar, empeorando la calidad del aire interior y contribuyendo a problemas de salud como alergias y asma.<\/p>\n<p>&nbsp;<\/p>\n<h5><strong>El papel del acristalamiento en la reducci\u00f3n de la huella de carbono<\/strong><\/h5>\n<p>Optar por un acristalamiento de calidad puede ayudar a mitigar estos problemas. Un buen acristalamiento proporciona un mejor <strong>aislamiento t\u00e9rmico<\/strong>, lo que significa que necesitar\u00e1s menos energ\u00eda para mantener tu hogar a una temperatura confortable. Esto reduce directamente tu consumo de energ\u00eda y, por lo tanto, tu <strong>huella de carbono<\/strong> asociada. Tambi\u00e9n, optar por la elecci\u00f3n de <strong>vidrio<\/strong> que se ha fabricado mediante procesos poco contaminantes y con materiales sostenibles, permite reducir m\u00e1s todav\u00eda el impacto ambiental negativo.<\/p>\n<p>&nbsp;<\/p>\n<h5><strong>Reducci\u00f3n del desperdicio de energ\u00eda<\/strong><\/h5>\n<p>Las ventanas con un acristalamiento adecuado tambi\u00e9n ayudan a reducir el desperdicio de energ\u00eda al evitar las fugas de aire. Esto significa que est\u00e1s aprovechando al m\u00e1ximo la energ\u00eda que consumes en tu hogar, en lugar de desperdiciarla debido a ventanas ineficientes, lo que conlleva una <strong>eficiencia energ\u00e9tica<\/strong> adecuada en tu hogar sin comprometer tu <strong>confort<\/strong>.<\/p>\n<p>&nbsp;<\/p>\n<h5><strong>Contribuci\u00f3n a la eficiencia energ\u00e9tica global<\/strong><\/h5>\n<p>Al mejorar la <strong>eficiencia energ\u00e9tica<\/strong> de tu hogar con el <strong>acristalamiento<\/strong>, est\u00e1s contribuyendo de manera activa a la reducci\u00f3n de la demanda de energ\u00eda a nivel global. Esto tiene un impacto positivo en la lucha contra el cambio clim\u00e1tico al disminuir la necesidad de quemar combustibles f\u00f3siles para la generaci\u00f3n de energ\u00eda.<\/p>\n<p>&nbsp;<\/p>\n<h2><span style=\"color: #136380;\"><strong>El papel del PVC o aluminio de las ventanas<\/strong><\/span><\/h2>\n<p>El material de las ventanas desempe\u00f1a un papel vital en la eficiencia energ\u00e9tica del hogar. El PVC y el aluminio son dos opciones comunes. El <strong>PVC<\/strong> ofrece un excelente aislamiento t\u00e9rmico, reduciendo la p\u00e9rdida de calor en invierno y la entrada de calor en verano. Por otro lado, el <strong>aluminio<\/strong> es durable pero menos eficiente energ\u00e9ticamente debido a su conductividad t\u00e9rmica. Sin embargo, con avances como la rotura de puente t\u00e9rmico, las ventanas de aluminio pueden mejorar su eficiencia. La elecci\u00f3n entre PVC y aluminio depende de preferencias y necesidades individuales, pero independientemente del material, invertir en ventanas de calidad y buen acristalamiento es crucial para reducir la <strong>huella de carbono<\/strong> del hogar.<\/p>\n<p>&nbsp;<\/p>\n<p><img loading=\"lazy\" class=\"aligncenter wp-image-7495\" src=\"https:\/\/climalit.es\/blog\/wp-content\/uploads\/2024\/05\/Ventana-cambio-clima\u0301tico-Climalit-2.jpg\" alt=\"Imagen de ventanas climalit en el sal\u00f3n de un hogar\" width=\"862\" height=\"431\" srcset=\"https:\/\/climalit.es\/blog\/wp-content\/uploads\/2024\/05\/Ventana-cambio-clima\u0301tico-Climalit-2.jpg 1200w, https:\/\/climalit.es\/blog\/wp-content\/uploads\/2024\/05\/Ventana-cambio-clima\u0301tico-Climalit-2-640x320.jpg 640w, https:\/\/climalit.es\/blog\/wp-content\/uploads\/2024\/05\/Ventana-cambio-clima\u0301tico-Climalit-2-768x384.jpg 768w, https:\/\/climalit.es\/blog\/wp-content\/uploads\/2024\/05\/Ventana-cambio-clima\u0301tico-Climalit-2-320x160.jpg 320w, https:\/\/climalit.es\/blog\/wp-content\/uploads\/2024\/05\/Ventana-cambio-clima\u0301tico-Climalit-2-660x330.jpg 660w, https:\/\/climalit.es\/blog\/wp-content\/uploads\/2024\/05\/Ventana-cambio-clima\u0301tico-Climalit-2-330x165.jpg 330w\" sizes=\"(max-width: 862px) 100vw, 862px\" \/><\/p>\n<p>&nbsp;<\/p>\n<h2><span style=\"color: #136380;\"><strong>Reduce el impacto ambiental con <\/strong><a style=\"color: #136380;\" href=\"https:\/\/climalit.es\/\"><strong>Climalit\u00ae<\/strong><\/a><\/span><\/h2>\n<p>Las soluciones de la gama <strong><span style=\"color: #136380;\"><a style=\"color: #136380;\" href=\"https:\/\/climalit.es\/ecologico\/\">Climalit ORA\u00c9\u00ae<\/a><\/span><\/strong> est\u00e1n comprometidas con el impacto medioambiental y el cambio clim\u00e1tico.<\/p>\n<p><strong>Sus dobles y triples acristalamientos<\/strong> est\u00e1n fabricados con un <strong>64% de material reciclado<\/strong>, reduciendo un <strong>30% la huella de carbono<\/strong>. Cuentan con el vidrio <strong><span style=\"color: #136380;\"><a style=\"color: #136380;\" href=\"https:\/\/climalit.es\/ecologico\/\">PLANISTAR\u00ae ONE ORA\u00c9<\/a><a style=\"color: #136380;\" href=\"https:\/\/climalit.es\/ecologico\/\">\u00ae<\/a><\/span><\/strong>, brind\u00e1ndote una <strong>eficiencia energ\u00e9tica<\/strong> superior durante todo el a\u00f1o.<\/p>\n<p>Adem\u00e1s, sus soluciones cuentan con un <strong>control solar<\/strong> excelente y <strong>aislamiento t\u00e9rmico<\/strong>, reduciendo la entrada de calor excesivo en verano y las p\u00e9rdidas de calor en invierno, manteniendo una temperatura ideal durante todo el a\u00f1o, lo que permite reducir la cantidad de energ\u00eda consumida en el hogar.<\/p>\n<p>No lo dudes m\u00e1s y cambia el <strong>crista<\/strong>l de tu vivienda. Si est\u00e1s interesado en descubrir el cristal m\u00e1s adecuado para tu vivienda, que te permita preservar el medio ambiente y ahorrar en las facturas energ\u00e9ticas, te invitamos a explorar <a href=\"https:\/\/cambiatusventanas.climalit.es\/\"><strong><span style=\"color: #136380;\">\u00abCambia Tus Ventanas\u00bb<\/span><\/strong>,<\/a> disponible en la web de <a href=\"https:\/\/climalit.es\/\"><span style=\"color: #136380;\">Climalit\u00ae<\/span>.<\/a><\/p>\n<p>\u00bfQuieres conocer m\u00e1s sobre las soluciones de acristalamiento? \u00a1Visita las redes sociales de <span style=\"color: #136380;\"><a style=\"color: #136380;\" href=\"https:\/\/www.saint-gobain-glass.es\/es\"><strong>Saint-Gobain Glass<\/strong><\/a><\/span>! Encu\u00e9ntranos en <span style=\"color: #136380;\"><a style=\"color: #136380;\" href=\"https:\/\/www.facebook.com\/SGGlassSpain\/?locale=es_LA\">Facebook<\/a><\/span> ,<span style=\"color: #136380;\"><a style=\"color: #136380;\" href=\"https:\/\/www.linkedin.com\/company\/saint-gobain-glass-espana\/?originalSubdomain=es\"> Linkedin<\/a><\/span> y en nuestra <span style=\"color: #136380;\"><a style=\"color: #136380;\" href=\"https:\/\/www.saint-gobain-glass.es\/es\">p\u00e1gina web<\/a>.<br \/>\n<span style=\"color: #ffffff;\">C\u00f3mo las ventanas afectan al cambio clim\u00e1tico<br \/>\n<\/span><br \/>\n<\/span><\/p>\n<\/div>","protected":false},"excerpt":{"rendered":"<p>C\u00f3mo las ventanas afectan al cambio clim\u00e1tico \u00bfAlguna vez has considerado c\u00f3mo las ventanas de tu hogar pueden estar contribuyendo al cambio clim\u00e1tico? Es posible que no lo hayas pensado, pero el tipo de ventanas que elijas puede marcar una&#8230;<\/p>\n","protected":false},"author":1,"featured_media":7496,"comment_status":"closed","ping_status":"closed","sticky":false,"template":"","format":"standard","meta":{"amp_status":""},"categories":[40,43],"tags":[],"acf":[],"_links":{"self":[{"href":"https:\/\/climalit.es\/blog\/wp-json\/wp\/v2\/posts\/7494"}],"collection":[{"href":"https:\/\/climalit.es\/blog\/wp-json\/wp\/v2\/posts"}],"about":[{"href":"https:\/\/climalit.es\/blog\/wp-json\/wp\/v2\/types\/post"}],"author":[{"embeddable":true,"href":"https:\/\/climalit.es\/blog\/wp-json\/wp\/v2\/users\/1"}],"replies":[{"embeddable":true,"href":"https:\/\/climalit.es\/blog\/wp-json\/wp\/v2\/comments?post=7494"}],"version-history":[{"count":3,"href":"https:\/\/climalit.es\/blog\/wp-json\/wp\/v2\/posts\/7494\/revisions"}],"predecessor-version":[{"id":7871,"href":"https:\/\/climalit.es\/blog\/wp-json\/wp\/v2\/posts\/7494\/revisions\/7871"}],"wp:featuredmedia":[{"embeddable":true,"href":"https:\/\/climalit.es\/blog\/wp-json\/wp\/v2\/media\/7496"}],"wp:attachment":[{"href":"https:\/\/climalit.es\/blog\/wp-json\/wp\/v2\/media?parent=7494"}],"wp:term":[{"taxonomy":"category","embeddable":true,"href":"https:\/\/climalit.es\/blog\/wp-json\/wp\/v2\/categories?post=7494"},{"taxonomy":"post_tag","embeddable":true,"href":"https:\/\/climalit.es\/blog\/wp-json\/wp\/v2\/tags?post=7494"}],"curies":[{"name":"wp","href":"https:\/\/api.w.org\/{rel}","templated":true}]}}