{"id":7321,"date":"2024-03-15T11:49:31","date_gmt":"2024-03-15T10:49:31","guid":{"rendered":"https:\/\/climalit.es\/blog\/?p=7321"},"modified":"2024-03-15T11:49:31","modified_gmt":"2024-03-15T10:49:31","slug":"mejora-el-descanso-insonoriza-tu-casa-para-una-vida-mas-saludable","status":"publish","type":"post","link":"https:\/\/climalit.es\/blog\/mejora-el-descanso-insonoriza-tu-casa-para-una-vida-mas-saludable\/","title":{"rendered":"<b>Mejora el descanso:<\/b> insonoriza tu casa para una vida m\u00e1s saludable"},"content":{"rendered":"<div class=\"bt_bb_wrapper\"><p><span style=\"color: #ffffff;\">Mejora el descanso<\/span><br \/>\n\u00bfSue\u00f1as con un descanso reparador?<\/p>\n<p>En la actualidad, con el ritmo fren\u00e9tico de nuestras vidas, el sue\u00f1o a menudo se convierte en un bien preciado. Las prisas, las preocupaciones y el estr\u00e9s conspiran para arrebatarnos las horas de descanso que nuestro cuerpo y mente necesitan para funcionar correctamente.<\/p>\n<p>\u00bfSab\u00edas que el ruido puede aumentar el estr\u00e9s, la ansiedad y la presi\u00f3n arterial? Tambi\u00e9n puede afectar la concentraci\u00f3n, la memoria e incluso contribuir a la depresi\u00f3n. Dormir bien es fundamental para nuestro bienestar, y el ruido es uno de sus principales enemigos.<\/p>\n<p>Desde <span style=\"color: #136380;\"><a style=\"color: #136380;\" href=\"https:\/\/climalit.es\/\">Climalit<\/a>\u00ae<\/span> te ofreceremos una serie de consejos para convertir tu hogar en un lugar propicio donde poder descansar sin que el ruido te afecte lo m\u00e1s m\u00ednimo.<\/p>\n<p><img loading=\"lazy\" class=\"aligncenter wp-image-7322 \" src=\"https:\/\/climalit.es\/blog\/wp-content\/uploads\/2024\/03\/Mejora-el-descanso_climalit_vida_saludable.png\" alt=\"Imagen ruido urbano_tr\u00e1fico\" width=\"704\" height=\"352\" srcset=\"https:\/\/climalit.es\/blog\/wp-content\/uploads\/2024\/03\/Mejora-el-descanso_climalit_vida_saludable.png 568w, https:\/\/climalit.es\/blog\/wp-content\/uploads\/2024\/03\/Mejora-el-descanso_climalit_vida_saludable-320x160.png 320w, https:\/\/climalit.es\/blog\/wp-content\/uploads\/2024\/03\/Mejora-el-descanso_climalit_vida_saludable-330x165.png 330w\" sizes=\"(max-width: 704px) 100vw, 704px\" \/><\/p>\n<p>&nbsp;<\/p>\n<h2><strong>Consejos para reducir el ruido en tu hogar<\/strong><\/h2>\n<p>Al final del d\u00eda, solo deseas un refugio donde el descanso te envuelva y el tiempo con los tuyos fluya sin interrupciones. \u00bfTe imaginas un espacio donde el silencio reina y la tranquilidad te abraza? Con <span style=\"color: #136380;\"><a style=\"color: #136380;\" href=\"https:\/\/climalit.es\/\">Climalit<\/a>\u00ae<\/span>, ese sue\u00f1o se convierte en realidad. A continuaci\u00f3n, descubre las formas \u00f3ptimas de reducir el ruido exterior y transforma tu casa en un remanso de paz.<\/p>\n<ul>\n<li>El uso de muebles o estanter\u00edas colocados en las paredes que dan al exterior para que act\u00faen como barrera ac\u00fastica, reduciendo la entrada de ruido exterior.<\/li>\n<li>Instalar placas de yeso laminado en las paredes que permitan un aislamiento ac\u00fastico mayor en tu vivienda.<\/li>\n<li>La instalaci\u00f3n de falsos techos para que act\u00faen como barrera ante el sonido, al igual que el uso de moqueta o alfombras son opciones a tener en cuenta.<\/li>\n<li>La utilizaci\u00f3n de puertas con burletes permite minimizar la entrada de ruido, ya que act\u00faan como un buen absorbente del ruido.<\/li>\n<\/ul>\n<p>Pero, sin lugar a duda, la manera m\u00e1s eficiente para reducir dr\u00e1sticamente el ruido exterior son las <strong>ventanas con un doble o triple acristalamiento<\/strong> de <span style=\"color: #136380;\"><a style=\"color: #136380;\" href=\"https:\/\/climalit.es\/\">Climalit<\/a>\u00ae<\/span>. \u00a0<strong>Aqu\u00ed, es donde el silencio toma forma.<\/strong><\/p>\n<h2>El mejor aislamiento ac\u00fastico<\/h2>\n<p><img loading=\"lazy\" class=\" wp-image-7323 aligncenter\" src=\"https:\/\/climalit.es\/blog\/wp-content\/uploads\/2024\/03\/Mejora-el-descanso_Climalit_vida-saludable-2.png\" alt=\"\" width=\"722\" height=\"361\" srcset=\"https:\/\/climalit.es\/blog\/wp-content\/uploads\/2024\/03\/Mejora-el-descanso_Climalit_vida-saludable-2.png 568w, https:\/\/climalit.es\/blog\/wp-content\/uploads\/2024\/03\/Mejora-el-descanso_Climalit_vida-saludable-2-320x160.png 320w, https:\/\/climalit.es\/blog\/wp-content\/uploads\/2024\/03\/Mejora-el-descanso_Climalit_vida-saludable-2-330x165.png 330w\" sizes=\"(max-width: 722px) 100vw, 722px\" \/><\/p>\n<p>&nbsp;<\/p>\n<p>La soluci\u00f3n que ofrece <span style=\"color: #136380;\"><a style=\"color: #136380;\" href=\"https:\/\/climalit.es\/climalit-plus\/\">Climalit Plus\u00ae<\/a><\/span> se basa en <strong>un doble o triple acristalamiento<\/strong> cuyo resultado se manifiesta en un plus en <strong>aislamiento ac\u00fastico<\/strong> y una mayor seguridad para reducir dr\u00e1sticamente los ruidos externos en tu hogar.<\/p>\n<p>Contiene un <strong>vidrio de capa bajo emisivo, <\/strong>incoloro e imperceptible que ofrece un aislamiento t\u00e9rmico hasta tres veces superior frente a un doble acristalamiento b\u00e1sico. Combinando en el interior un cristal de seguridad <span style=\"color: #136380;\"><a style=\"color: #136380;\" href=\"https:\/\/climalit.es\/2020\/05\/09\/stadip-silence-acristalamiento-laminado-con-prestaciones-acusticas-de-seguridad\/\">Stadip Silence\u00ae<\/a><\/span> , <strong>acristalamiento laminado de seguridad<\/strong> con prestaciones espec\u00edficas de <strong>aislamiento ac\u00fastico<\/strong> gracias a que est\u00e1 compuesto por dos o m\u00e1s vidrios ensamblados entre s\u00ed por una o varias l\u00e1minas, y\u00a0 ofrece prestaciones de seguridad en t\u00e9rminos de impacto accidental o de protecci\u00f3n de bienes y personas.<\/p>\n<p>Mejora en 3 decibelios (dB) el <strong>aislamiento ac\u00fastico<\/strong>\u00a0de un cristal simple del mismo espesor. Esto significa que\u00a0reduce a la mitad la intensidad del ruido\u00a0que llega a tus o\u00eddos y permite obtener un descanso ininterrumpido por est\u00edmulos externos, proporcionando tranquilidad.<\/p>\n<p><span style=\"color: #136380;\"><a style=\"color: #136380;\" href=\"https:\/\/climalit.es\/silencio-4\/\">Climalit Plus Silence\u00ae<\/a><\/span> es la soluci\u00f3n ideal para crear un ambiente de paz y tranquilidad en tu hogar.<\/p>\n<p>No lo dudes m\u00e1s y cambia el <strong>crista<\/strong>l de tu vivienda. Si est\u00e1s interesado en descubrir el <strong>cristal <\/strong>m\u00e1s adecuado para tu vivienda, que te permita preservar reducir los impactos ac\u00fasticos y ahorrar en las facturas energ\u00e9ticas, te invitamos a explorar <a href=\"https:\/\/cambiatusventanas.climalit.es\/\"><span style=\"color: #136380;\">\u00abCambia Tus Ventanas\u00bb<\/span>,<\/a> disponible en la web de <a href=\"https:\/\/climalit.es\/\"><span style=\"color: #136380;\">CLIMALIT\u00ae<\/span>.<\/a><\/p>\n<p>Invierte en tu descanso y bienestar.<br \/>\n<span style=\"color: #ffffff;\">Mejora el descanso Mejora el descanso<\/span><\/p>\n<\/div>","protected":false},"excerpt":{"rendered":"<p>Mejora el descanso \u00bfSue\u00f1as con un descanso reparador? En la actualidad, con el ritmo fren\u00e9tico de nuestras vidas, el sue\u00f1o a menudo se convierte en un bien preciado. Las prisas, las preocupaciones y el estr\u00e9s conspiran para arrebatarnos las horas&#8230;<\/p>\n","protected":false},"author":1,"featured_media":7322,"comment_status":"closed","ping_status":"closed","sticky":false,"template":"","format":"standard","meta":{"amp_status":""},"categories":[40],"tags":[],"acf":[],"_links":{"self":[{"href":"https:\/\/climalit.es\/blog\/wp-json\/wp\/v2\/posts\/7321"}],"collection":[{"href":"https:\/\/climalit.es\/blog\/wp-json\/wp\/v2\/posts"}],"about":[{"href":"https:\/\/climalit.es\/blog\/wp-json\/wp\/v2\/types\/post"}],"author":[{"embeddable":true,"href":"https:\/\/climalit.es\/blog\/wp-json\/wp\/v2\/users\/1"}],"replies":[{"embeddable":true,"href":"https:\/\/climalit.es\/blog\/wp-json\/wp\/v2\/comments?post=7321"}],"version-history":[{"count":4,"href":"https:\/\/climalit.es\/blog\/wp-json\/wp\/v2\/posts\/7321\/revisions"}],"predecessor-version":[{"id":7327,"href":"https:\/\/climalit.es\/blog\/wp-json\/wp\/v2\/posts\/7321\/revisions\/7327"}],"wp:featuredmedia":[{"embeddable":true,"href":"https:\/\/climalit.es\/blog\/wp-json\/wp\/v2\/media\/7322"}],"wp:attachment":[{"href":"https:\/\/climalit.es\/blog\/wp-json\/wp\/v2\/media?parent=7321"}],"wp:term":[{"taxonomy":"category","embeddable":true,"href":"https:\/\/climalit.es\/blog\/wp-json\/wp\/v2\/categories?post=7321"},{"taxonomy":"post_tag","embeddable":true,"href":"https:\/\/climalit.es\/blog\/wp-json\/wp\/v2\/tags?post=7321"}],"curies":[{"name":"wp","href":"https:\/\/api.w.org\/{rel}","templated":true}]}}