{"id":7290,"date":"2024-03-08T09:00:58","date_gmt":"2024-03-08T08:00:58","guid":{"rendered":"https:\/\/climalit.es\/blog\/?p=7290"},"modified":"2024-05-20T12:42:36","modified_gmt":"2024-05-20T10:42:36","slug":"conoces-la-importancia-del-control-solar","status":"publish","type":"post","link":"https:\/\/climalit.es\/blog\/conoces-la-importancia-del-control-solar\/","title":{"rendered":"\u00bfConoces la importancia del control solar?"},"content":{"rendered":"<div class=\"bt_bb_wrapper\"><p><span style=\"color: #ffffff;\">\u00bfConoces la importancia del control solar?<\/span><\/p>\n<p>En un mundo donde la concienciaci\u00f3n por la sostenibilidad ha aumentado de manera considerable y el aumento de las temperaturas comienza a ser un problema para todos, la <strong>eficiencia energ\u00e9tica<\/strong> y el <strong>control solar<\/strong> se ha convertido en un gran pilar a la hora de construcci\u00f3n y dise\u00f1os de hogares. En este contexto, la elecci\u00f3n de materiales y soluciones que optimicen el consumo energ\u00e9tico es crucial. Desde <span style=\"color: #136380;\"><a style=\"color: #136380;\" href=\"https:\/\/climalit.es\/blog\/\">Climalit\u00ae<\/a> <\/span>queremos darte algunos consejos para mejorar el control solar en tu vivienda.<\/p>\n<p>&nbsp;<\/p>\n<p><img loading=\"lazy\" class=\"aligncenter wp-image-7291\" src=\"https:\/\/climalit.es\/blog\/wp-content\/uploads\/2024\/03\/Control_solar_Climalit.jpg\" alt=\"Imagen de galer\u00eda acristalada\" width=\"777\" height=\"388\" srcset=\"https:\/\/climalit.es\/blog\/wp-content\/uploads\/2024\/03\/Control_solar_Climalit.jpg 567w, https:\/\/climalit.es\/blog\/wp-content\/uploads\/2024\/03\/Control_solar_Climalit-320x160.jpg 320w, https:\/\/climalit.es\/blog\/wp-content\/uploads\/2024\/03\/Control_solar_Climalit-330x165.jpg 330w\" sizes=\"(max-width: 777px) 100vw, 777px\" \/><\/p>\n<h2><strong>Simples reformas que afectar\u00e1n en tu confort <\/strong><\/h2>\n<p>En ocasiones, el sol puede ser un enemigo silencioso de tu hogar. Sus rayos no solo deterioran tu mobiliario, sino que tambi\u00e9n provoca un aumento considerable de la temperatura interior de tu vivienda, afectando tu <strong>salud y bienestar<\/strong>, y disparando tus facturas de energ\u00eda.<\/p>\n<p>La buena noticia es que es que hay diversas opciones que te ayudan a combatir esta situaci\u00f3n. Entre ellas podemos encontrar:<\/p>\n<ul>\n<li>Instala cortinas o persianas que te permitan <strong>controlar la cantidad de sol <\/strong>que entra a tus habitaciones. Elige materiales correctos y con forros t\u00e9rmicos para poder bloquear el calor en verano y retenerlo en invierno.<\/li>\n<li>Implementa toldos o marquesinas sobre las <strong>ventanas exteriores<\/strong> para proporcionar sombra adicional y evitar que entre rayos solares.<\/li>\n<li>Utiliza plantas cerca de las ventanas para proporcionar una sombra natural y reducir la cantidad de calor que penetra en tu hogar.<\/li>\n<\/ul>\n<p>Pero sin lugar a duda, el acristalamiento es la mejor alternativa para el control solar de tu vivienda, siendo <a href=\"https:\/\/climalit.es\/ecologico\/\"><span style=\"color: #136380;\">Climalit ORAE\u00ae con Planistar One\u00ae <\/span><\/a>la mejor opci\u00f3n.<\/p>\n<p><img loading=\"lazy\" class=\"wp-image-7292 aligncenter\" title=\"Imagen Familia junto a ventana Climalit\" src=\"https:\/\/climalit.es\/blog\/wp-content\/uploads\/2024\/03\/Control_solar_Climalit_2.jpg\" alt=\"Imagen Familia junto a ventana Climalit\" width=\"783\" height=\"391\" srcset=\"https:\/\/climalit.es\/blog\/wp-content\/uploads\/2024\/03\/Control_solar_Climalit_2.jpg 567w, https:\/\/climalit.es\/blog\/wp-content\/uploads\/2024\/03\/Control_solar_Climalit_2-320x160.jpg 320w, https:\/\/climalit.es\/blog\/wp-content\/uploads\/2024\/03\/Control_solar_Climalit_2-330x165.jpg 330w\" sizes=\"(max-width: 783px) 100vw, 783px\" \/><\/p>\n<h2><strong>Confort sin renunciar a la luz natural<\/strong><\/h2>\n<p>Dejar pasar el sol no significa aumentar la temperatura de tu hogar. Con <span style=\"color: #136380;\"><a style=\"color: #136380;\" href=\"https:\/\/climalit.es\/ecologico\/\">Climalit ORA\u00c9\u00ae con Planistar One <\/a><\/span>puedes disfrutar de la entrada de luz natural en tu hogar, sin perder el confort t\u00e9rmico.<\/p>\n<p>Este <strong>doble acristalamiento<\/strong> es ideal para controlar la entrada de luz natural en tu hogar sin que se vea afectado el confort gracias a que refleja una parte significativa de la energ\u00eda solar, reduciendo la cantidad de calor en la vivienda y reduciendo el consumo de energ\u00eda, obteniendo un ahorro econ\u00f3mico y una reducci\u00f3n del 25% en su huella de carbono. Adem\u00e1s, permite el paso de una alta cantidad de luz natural (TL 72%), permitiendo aprovechar al m\u00e1ximo durante el d\u00eda y, a su vez,\u00a0 ofrece aislamiento t\u00e9rmico de alta calidad.<\/p>\n<p>No lo dudes m\u00e1s y cambia el <strong>crista<\/strong>l de tu vivienda. Si est\u00e1s interesado en descubrir el cristal m\u00e1s adecuado para tu vivienda, que te permita preservar el medio ambiente y ahorrar en las facturas energ\u00e9ticas, te invitamos a explorar<span style=\"color: #136380;\"> <a style=\"color: #136380;\" href=\"https:\/\/cambiatusventanas.climalit.es\/\">\u00abCambia Tus Ventanas\u00bb,<\/a><\/span> disponible en la web de <span style=\"color: #136380;\"><a style=\"color: #136380;\" href=\"https:\/\/climalit.es\/\">CLIMALIT\u00ae.<\/a><\/span><\/p>\n<p>&nbsp;<\/p>\n<p>&nbsp;<\/p>\n<\/div>","protected":false},"excerpt":{"rendered":"<p>\u00bfConoces la importancia del control solar? En un mundo donde la concienciaci\u00f3n por la sostenibilidad ha aumentado de manera considerable y el aumento de las temperaturas comienza a ser un problema para todos, la eficiencia energ\u00e9tica y el control solar&#8230;<\/p>\n","protected":false},"author":1,"featured_media":7294,"comment_status":"closed","ping_status":"closed","sticky":false,"template":"","format":"standard","meta":{"amp_status":""},"categories":[35,43],"tags":[],"acf":[],"_links":{"self":[{"href":"https:\/\/climalit.es\/blog\/wp-json\/wp\/v2\/posts\/7290"}],"collection":[{"href":"https:\/\/climalit.es\/blog\/wp-json\/wp\/v2\/posts"}],"about":[{"href":"https:\/\/climalit.es\/blog\/wp-json\/wp\/v2\/types\/post"}],"author":[{"embeddable":true,"href":"https:\/\/climalit.es\/blog\/wp-json\/wp\/v2\/users\/1"}],"replies":[{"embeddable":true,"href":"https:\/\/climalit.es\/blog\/wp-json\/wp\/v2\/comments?post=7290"}],"version-history":[{"count":8,"href":"https:\/\/climalit.es\/blog\/wp-json\/wp\/v2\/posts\/7290\/revisions"}],"predecessor-version":[{"id":7491,"href":"https:\/\/climalit.es\/blog\/wp-json\/wp\/v2\/posts\/7290\/revisions\/7491"}],"wp:featuredmedia":[{"embeddable":true,"href":"https:\/\/climalit.es\/blog\/wp-json\/wp\/v2\/media\/7294"}],"wp:attachment":[{"href":"https:\/\/climalit.es\/blog\/wp-json\/wp\/v2\/media?parent=7290"}],"wp:term":[{"taxonomy":"category","embeddable":true,"href":"https:\/\/climalit.es\/blog\/wp-json\/wp\/v2\/categories?post=7290"},{"taxonomy":"post_tag","embeddable":true,"href":"https:\/\/climalit.es\/blog\/wp-json\/wp\/v2\/tags?post=7290"}],"curies":[{"name":"wp","href":"https:\/\/api.w.org\/{rel}","templated":true}]}}