{"id":7043,"date":"2023-10-06T09:37:36","date_gmt":"2023-10-06T07:37:36","guid":{"rendered":"https:\/\/climalit.es\/blog\/?p=7043"},"modified":"2023-10-05T13:40:35","modified_gmt":"2023-10-05T11:40:35","slug":"subvenciones-para-actuaciones-de-rehabilitacion-energetica-en-madrid","status":"publish","type":"post","link":"https:\/\/climalit.es\/blog\/subvenciones-para-actuaciones-de-rehabilitacion-energetica-en-madrid\/","title":{"rendered":"Subvenciones para actuaciones de rehabilitaci\u00f3n energ\u00e9tica en Madrid"},"content":{"rendered":"<div class=\"bt_bb_wrapper\"><p style=\"font-weight: 400;\">Se ha publicado la actualizaci\u00f3n de las bases de las ayudas para las actuaciones de rehabilitaci\u00f3n energ\u00e9tica residencial y vivienda social, del programa PRTR, para la Comunidad de Madrid. Desde <a href=\"https:\/\/climalit.es\/climalit-plus\/\"><strong>CLIMALIT<sup>\u00ae<\/sup><\/strong><\/a> queremos daros m\u00e1s informaci\u00f3n sobre estas subvenciones.<\/p>\n<p style=\"font-weight: 400;\">Se incrementan las dotaciones de los programas 3 (edificios), 4 (viviendas) y 5 (libro del edificio existente y proyectos de rehabilitaci\u00f3n).<\/p>\n<p style=\"font-weight: 400;\"><strong>El plan est\u00e1 dirigido a:<\/strong><\/p>\n<p>a) Propietario o usufructuario (persona f\u00edsica o jur\u00eddica) de vivienda unifamiliar aislada o agrupada en fila o edificios de tipolog\u00eda residencial colectiva (Programas 3, 4 y 5).<\/p>\n<p>b) Arrendatario de vivienda (Programa 4).<\/p>\n<p>c) Comunidad de Propietarios o Agrupaci\u00f3n de Comunidades de propietarios (Programas 3 y 5).<\/p>\n<p>d) Propietarios Agrupados (Programas 3 y 5).<\/p>\n<p>e) Empresa explotadora arrendataria o concesionaria de edificio (Programa 3).<\/p>\n<p>f) Sociedades cooperativas (Programas 3 y 5).<\/p>\n<p style=\"font-weight: 400;\">Ser\u00e1n <strong>actuaciones subvencionables<\/strong> relativas a la rehabilitaci\u00f3n a nivel de <strong>edificio<\/strong>:<\/p>\n<ul>\n<li>Las de mejora o rehabilitaci\u00f3n de edificios de uso predominante residencial para vivienda, siempre que se obtenga una reducci\u00f3n de al menos un 30 % en el indicador de consumo de energ\u00eda primaria no renovable, referida a la certificaci\u00f3n energ\u00e9tica.<\/li>\n<li>En edificios situados en las zonas clim\u00e1ticas C, D y E, seg\u00fan la clasificaci\u00f3n clim\u00e1tica del C\u00f3digo T\u00e9cnico de la Edificaci\u00f3n, deber\u00e1 asimismo conseguirse una reducci\u00f3n de la demanda energ\u00e9tica anual global de calefacci\u00f3n y refrigeraci\u00f3n de la vivienda unifamiliar o del edificio, seg\u00fan corresponda, de al menos: Zonas clim\u00e1ticas D y E: un 35 % y Zona clim\u00e1tica C: un 25 %.<\/li>\n<\/ul>\n<p style=\"font-weight: 400;\">Ser\u00e1n <strong>actuaciones subvencionables<\/strong> de mejora de la eficiencia energ\u00e9tica en <strong>viviendas<\/strong>:<\/p>\n<ul>\n<li>Aquellas que se realicen en viviendas y en las que se consiga una reducci\u00f3n de la demanda energ\u00e9tica anual global de calefacci\u00f3n y refrigeraci\u00f3n del al menos el 7 % o una reducci\u00f3n del consumo de energ\u00eda primaria no renovable de al menos un 30 %.<\/li>\n<li>Aquellas de modificaci\u00f3n o sustituci\u00f3n de elementos constructivos de la envolvente t\u00e9rmica para adecuar sus caracter\u00edsticas a los valores l\u00edmite de transmitancia t\u00e9rmica y de permeabilidad al aire, cuando proceda, establecidos en las tablas 3.1.1.aHE1 y 3.1.3.aHE1, del Documento B\u00e1sico DB HE de Ahorro de energ\u00eda del C\u00f3digo T\u00e9cnico de la Edificaci\u00f3n.<\/li>\n<\/ul>\n<p style=\"font-weight: 400;\"><img loading=\"lazy\" class=\"alignnone size-medium wp-image-7042\" src=\"https:\/\/climalit.es\/blog\/wp-content\/uploads\/2023\/10\/Subvenciones-para-actuaciones-de-rehabilitacion-energetica-Madrid_2-640x320.jpg\" alt=\"\" width=\"640\" height=\"320\" srcset=\"https:\/\/climalit.es\/blog\/wp-content\/uploads\/2023\/10\/Subvenciones-para-actuaciones-de-rehabilitacion-energetica-Madrid_2-640x320.jpg 640w, https:\/\/climalit.es\/blog\/wp-content\/uploads\/2023\/10\/Subvenciones-para-actuaciones-de-rehabilitacion-energetica-Madrid_2-768x384.jpg 768w, https:\/\/climalit.es\/blog\/wp-content\/uploads\/2023\/10\/Subvenciones-para-actuaciones-de-rehabilitacion-energetica-Madrid_2-320x160.jpg 320w, https:\/\/climalit.es\/blog\/wp-content\/uploads\/2023\/10\/Subvenciones-para-actuaciones-de-rehabilitacion-energetica-Madrid_2-660x330.jpg 660w, https:\/\/climalit.es\/blog\/wp-content\/uploads\/2023\/10\/Subvenciones-para-actuaciones-de-rehabilitacion-energetica-Madrid_2-330x165.jpg 330w, https:\/\/climalit.es\/blog\/wp-content\/uploads\/2023\/10\/Subvenciones-para-actuaciones-de-rehabilitacion-energetica-Madrid_2.jpg 900w\" sizes=\"(max-width: 640px) 100vw, 640px\" \/><\/p>\n<p style=\"font-weight: 400;\"><strong>Las solicitudes se podr\u00e1n presentar<\/strong> desde el 1 de junio de 2022 hasta el 31 de diciembre de 2023.<\/p>\n<p style=\"font-weight: 400;\"><strong>La dotaci\u00f3n presupuestaria<\/strong> destinada a financiar esta convocatoria queda en 124.000.000 euros para el Programa 3, 16.000.000 euros para el Programa 4 y 9.000.000 euros para el Programa 5, respectivamente.<\/p>\n<p style=\"font-weight: 400;\">Para m\u00e1s informaci\u00f3n:<\/p>\n<p style=\"font-weight: 400;\"><a href=\"https:\/\/www.comunidad.madrid\/sites\/default\/files\/doc\/vivienda\/rehab_fe_edif_ampl_plazo_p3_bocm-20230929-17.pdf\">https:\/\/www.comunidad.madrid\/sites\/default\/files\/doc\/vivienda\/rehab_fe_edif_ampl_plazo_p3_bocm-20230929-17.pdf<\/a><\/p>\n<p style=\"font-weight: 400;\">Si quieres averiguar el cristal m\u00e1s adecuado para tu vivienda, adem\u00e1s de preservar el medio ambiente y ahorrar en las facturas energ\u00e9ticas, te animamos a visitar \u201c<a href=\"https:\/\/climalit.es\/cambia-tus-ventanas\/\"><strong>Cambia Tus Ventanas<\/strong><\/a>\u201d, de la web\u00a0<a href=\"https:\/\/climalit.es\/productos\/\"><strong>CLIMALIT<\/strong><\/a><strong><sup>\u00ae<\/sup><\/strong>, donde podr\u00e1s descubrir la composici\u00f3n m\u00e1s adecuada en funci\u00f3n de las necesidades de tu hogar y saber de\u00a0<strong>Climalit precios ventanas.<\/strong><\/p>\n<\/div>","protected":false},"excerpt":{"rendered":"<p>Se ha publicado la actualizaci\u00f3n de las bases de las ayudas para las actuaciones de rehabilitaci\u00f3n energ\u00e9tica residencial y vivienda social, del programa PRTR, para la Comunidad de Madrid. Desde CLIMALIT\u00ae queremos daros m\u00e1s informaci\u00f3n sobre estas subvenciones. Se incrementan&#8230;<\/p>\n","protected":false},"author":1,"featured_media":7041,"comment_status":"closed","ping_status":"closed","sticky":false,"template":"","format":"standard","meta":{"amp_status":""},"categories":[40],"tags":[],"acf":[],"_links":{"self":[{"href":"https:\/\/climalit.es\/blog\/wp-json\/wp\/v2\/posts\/7043"}],"collection":[{"href":"https:\/\/climalit.es\/blog\/wp-json\/wp\/v2\/posts"}],"about":[{"href":"https:\/\/climalit.es\/blog\/wp-json\/wp\/v2\/types\/post"}],"author":[{"embeddable":true,"href":"https:\/\/climalit.es\/blog\/wp-json\/wp\/v2\/users\/1"}],"replies":[{"embeddable":true,"href":"https:\/\/climalit.es\/blog\/wp-json\/wp\/v2\/comments?post=7043"}],"version-history":[{"count":1,"href":"https:\/\/climalit.es\/blog\/wp-json\/wp\/v2\/posts\/7043\/revisions"}],"predecessor-version":[{"id":7044,"href":"https:\/\/climalit.es\/blog\/wp-json\/wp\/v2\/posts\/7043\/revisions\/7044"}],"wp:featuredmedia":[{"embeddable":true,"href":"https:\/\/climalit.es\/blog\/wp-json\/wp\/v2\/media\/7041"}],"wp:attachment":[{"href":"https:\/\/climalit.es\/blog\/wp-json\/wp\/v2\/media?parent=7043"}],"wp:term":[{"taxonomy":"category","embeddable":true,"href":"https:\/\/climalit.es\/blog\/wp-json\/wp\/v2\/categories?post=7043"},{"taxonomy":"post_tag","embeddable":true,"href":"https:\/\/climalit.es\/blog\/wp-json\/wp\/v2\/tags?post=7043"}],"curies":[{"name":"wp","href":"https:\/\/api.w.org\/{rel}","templated":true}]}}