{"id":6762,"date":"2022-12-30T11:00:27","date_gmt":"2022-12-30T10:00:27","guid":{"rendered":"https:\/\/climalit.es\/blog\/?p=6762"},"modified":"2022-12-30T11:22:52","modified_gmt":"2022-12-30T10:22:52","slug":"prepara-tus-ventanas-para-el-fin-del-ano-y-comienzo-del-proximo","status":"publish","type":"post","link":"https:\/\/climalit.es\/blog\/prepara-tus-ventanas-para-el-fin-del-ano-y-comienzo-del-proximo\/","title":{"rendered":"Prepara tus ventanas para el fin del a\u00f1o y comienzo del pr\u00f3ximo"},"content":{"rendered":"<div class=\"bt_bb_wrapper\"><p>Ya est\u00e1 aqu\u00ed la navidad, para compartir con nuestros seres m\u00e1s queridos y con la ilusi\u00f3n por decorar nuestros hogares. Desde <a href=\"https:\/\/climalit.es\/climalit-plus\/\"><strong>CLIMALIT<\/strong><\/a>, queremos daros informaci\u00f3n sobre c\u00f3mo preparar las ventanas en esta \u00e9poca llena de ilusi\u00f3n y magia.<\/p>\n<h2><strong>Decora tus ventanas en navidad<\/strong><\/h2>\n<p>Siempre se ha dado una gran importancia a adornar los interiores y exteriores de nuestras viviendas en navidad. Uno de los elementos m\u00e1s importantes de nuestra casa como son las ventanas, adquieren un papel destacable en estas fechas. Se debe a que son el escaparate de la decoraci\u00f3n que nos encontraremos en su interior.<\/p>\n<p>Las posibilidades que nos brindan las <strong>ventanas<\/strong> para su decoraci\u00f3n navide\u00f1a son infinitas. Por ello, os venimos a dar algunas ideas que seguro que os ayudan a que luzca mejor vuestra casa:<\/p>\n<ul>\n<li><strong>Guirnaldas:<\/strong> suelen colocarse alrededor de los <strong>cristales<\/strong> para dar un toque de vegetaci\u00f3n y frescor a tu hogar. Existen una gran variedad, aunque las m\u00e1s t\u00edpicas suelen ser de un caracter\u00edstico color navide\u00f1o como es el verde<\/li>\n<li><strong>Espumill\u00f3n<\/strong>: muy parecido al aspecto de las guirnaldas, pero con una visi\u00f3n m\u00e1s atrevida. Los colores llamativos y metalizados har\u00e1n que centres la mirada en tus ventanas.<\/li>\n<li><strong>Luces:<\/strong> sin ninguna duda, son el adorno por excelencia que no puede faltar en ninguna casa. Su uso en esta \u00e9poca del a\u00f1o es una tradici\u00f3n, ya que por las noches es algo maravilloso de ver.<\/li>\n<\/ul>\n<p><img loading=\"lazy\" class=\"alignnone size-full wp-image-6764\" src=\"https:\/\/climalit.es\/blog\/wp-content\/uploads\/2022\/12\/Prepara-tus-ventanas-para-el-fin-del-an\u0303o-y-comienzo-del-proximo_02.jpg\" alt=\"Prepara-tus-ventanas-para-el-fin-del-an\u0303o-y-comienzo-del-proximo_02\" width=\"1024\" height=\"600\" srcset=\"https:\/\/climalit.es\/blog\/wp-content\/uploads\/2022\/12\/Prepara-tus-ventanas-para-el-fin-del-an\u0303o-y-comienzo-del-proximo_02.jpg 1024w, https:\/\/climalit.es\/blog\/wp-content\/uploads\/2022\/12\/Prepara-tus-ventanas-para-el-fin-del-an\u0303o-y-comienzo-del-proximo_02-640x375.jpg 640w, https:\/\/climalit.es\/blog\/wp-content\/uploads\/2022\/12\/Prepara-tus-ventanas-para-el-fin-del-an\u0303o-y-comienzo-del-proximo_02-768x450.jpg 768w, https:\/\/climalit.es\/blog\/wp-content\/uploads\/2022\/12\/Prepara-tus-ventanas-para-el-fin-del-an\u0303o-y-comienzo-del-proximo_02-320x188.jpg 320w\" sizes=\"(max-width: 1024px) 100vw, 1024px\" \/><\/p>\n<h2><strong>Prepara tus ventanas para el a\u00f1o nuevo<\/strong><\/h2>\n<p>Llegando a su fin el a\u00f1o 2022, es el momento ideal para un redise\u00f1o <strong>eficiente<\/strong> del espacio y dar la bienvenida de la mejor manera al 2023. Por ello, la opci\u00f3n m\u00e1s acertada son las <strong>ventanas CLIMALIT<\/strong>, ya que re\u00fanen todos los beneficios para convertir a tu casa en un lugar de <strong>confort<\/strong>.<\/p>\n<p>Nuestra gama m\u00e1s innovadora es <a href=\"https:\/\/climalit.es\/ecologico\/\"><strong>CLIMALIT ECOL\u00d3GICO<\/strong><\/a>, siendo capaz de a\u00f1adir a estas prestaciones, el elemento de sostenibilidad que resulta tan importante en la actualidad, ya que ofrece una huella de carbono reducida en un 25%. Tambi\u00e9n hay que destacar su <strong>aislamiento t\u00e9rmico<\/strong> que ayuda a mantener el calor en el interior de tu casa en \u00e9pocas tan fr\u00edas como es navidad. Se le suma un <strong>asilamiento ac\u00fastico<\/strong> que ayuda a reducir los ruidos externos que pueden llegar a ser molestos. Todas estas caracter\u00edsticas contribuyen al <strong>ahorro<\/strong> en las facturas de nuestro domicilio.<\/p>\n<p>Si quieres averiguar el cristal m\u00e1s adecuado para tu vivienda, adem\u00e1s de preservar el medio ambiente y ahorrar en las facturas energ\u00e9ticas, te animamos a visitar \u201c<a href=\"https:\/\/cambiatusventanas.climalit.es\/#\/\"><strong>Cambia Tus Ventanas<\/strong><\/a>\u201d, de la web\u00a0<a href=\"https:\/\/climalit.es\/productos\/\"><strong>CLIMALIT<\/strong><\/a><strong><sup>\u00ae<\/sup><\/strong>, donde podr\u00e1s descubrir la composici\u00f3n m\u00e1s adecuada en funci\u00f3n de las necesidades de tu hogar y saber de\u00a0<strong>Climalit precios ventana<\/strong>.<\/p>\n<p><strong>\u00a0<\/strong><\/p>\n<\/div>","protected":false},"excerpt":{"rendered":"<p>Ya est\u00e1 aqu\u00ed la navidad, para compartir con nuestros seres m\u00e1s queridos y con la ilusi\u00f3n por decorar nuestros hogares. Desde CLIMALIT, queremos daros informaci\u00f3n sobre c\u00f3mo preparar las ventanas en esta \u00e9poca llena de ilusi\u00f3n y magia. Decora tus&#8230;<\/p>\n","protected":false},"author":1,"featured_media":6765,"comment_status":"closed","ping_status":"closed","sticky":false,"template":"","format":"standard","meta":{"amp_status":""},"categories":[43],"tags":[],"acf":[],"_links":{"self":[{"href":"https:\/\/climalit.es\/blog\/wp-json\/wp\/v2\/posts\/6762"}],"collection":[{"href":"https:\/\/climalit.es\/blog\/wp-json\/wp\/v2\/posts"}],"about":[{"href":"https:\/\/climalit.es\/blog\/wp-json\/wp\/v2\/types\/post"}],"author":[{"embeddable":true,"href":"https:\/\/climalit.es\/blog\/wp-json\/wp\/v2\/users\/1"}],"replies":[{"embeddable":true,"href":"https:\/\/climalit.es\/blog\/wp-json\/wp\/v2\/comments?post=6762"}],"version-history":[{"count":1,"href":"https:\/\/climalit.es\/blog\/wp-json\/wp\/v2\/posts\/6762\/revisions"}],"predecessor-version":[{"id":6766,"href":"https:\/\/climalit.es\/blog\/wp-json\/wp\/v2\/posts\/6762\/revisions\/6766"}],"wp:featuredmedia":[{"embeddable":true,"href":"https:\/\/climalit.es\/blog\/wp-json\/wp\/v2\/media\/6765"}],"wp:attachment":[{"href":"https:\/\/climalit.es\/blog\/wp-json\/wp\/v2\/media?parent=6762"}],"wp:term":[{"taxonomy":"category","embeddable":true,"href":"https:\/\/climalit.es\/blog\/wp-json\/wp\/v2\/categories?post=6762"},{"taxonomy":"post_tag","embeddable":true,"href":"https:\/\/climalit.es\/blog\/wp-json\/wp\/v2\/tags?post=6762"}],"curies":[{"name":"wp","href":"https:\/\/api.w.org\/{rel}","templated":true}]}}