{"id":6608,"date":"2022-08-31T09:23:42","date_gmt":"2022-08-31T07:23:42","guid":{"rendered":"https:\/\/climalit.es\/blog\/?p=6608"},"modified":"2022-09-05T09:27:32","modified_gmt":"2022-09-05T07:27:32","slug":"ayudas-de-la-ue-para-rehabilitacion-y-alquileres","status":"publish","type":"post","link":"https:\/\/climalit.es\/blog\/ayudas-de-la-ue-para-rehabilitacion-y-alquileres\/","title":{"rendered":"Ayudas de la <b>UE<\/b> para Rehabilitaci\u00f3n y alquileres"},"content":{"rendered":"<div class=\"bt_bb_wrapper\"><p>El pasado 23 de agosto, el Consejo de Ministros aprob\u00f3 un paquete de ayudas para la rehabilitaci\u00f3n energ\u00e9tica de viviendas en Espa\u00f1a, as\u00ed como para la construcci\u00f3n de nuevas casas para alquiler p\u00fablico que sean altamente eficientes.<\/p>\n<p>Desde <a href=\"https:\/\/climalit.es\/productos\/\"><strong>CLIMALIT\u00ae<\/strong><\/a>, queremos daros a conocer esta noticia y las ventajas que supondr\u00e1.<\/p>\n<p>&nbsp;<\/p>\n<h2><strong>El gobierno destinar\u00e1 1.889 millones de \u20ac a proyectos sostenibles<\/strong><\/h2>\n<p>D\u00eda a d\u00eda, vemos c\u00f3mo la sostenibilidad va ganando el peso que le corresponde en la sociedad. Es necesario que este cambio se realice de una manera r\u00e1pida y \u00f3ptima, ya que el cambio clim\u00e1tico debe ser paralizado y revertido.<\/p>\n<p>En esta l\u00ednea, el Gobierno de Espa\u00f1a, junto a la UE, ha decidido dar una ayuda a la rehabilitaci\u00f3n de viviendas para incrementar su eficiencia energ\u00e9tica.<\/p>\n<p>El reparto de estas ayudas se destinar\u00e1 de la siguiente manera:<\/p>\n<ul>\n<li>Los 1.389 millones de la UE se destinar\u00e1n, desde este mismo a\u00f1o, a la rehabilitaci\u00f3n de las viviendas para incrementar la eficiencia energ\u00e9tica y reducir el consume de luz y gas.<\/li>\n<\/ul>\n<p>&nbsp;<\/p>\n<ul>\n<li>Los 500 millones de Espa\u00f1a ir\u00e1n destinados a la creaci\u00f3n de nuevas viviendas eficientes con fines de alquiler social.<\/li>\n<\/ul>\n<p>En cuanto a la rehabilitaci\u00f3n de viviendas antiguas, actualmente se reforman unas 30.000 viviendas al a\u00f1o con fines energ\u00e9ticos y el objetivo es que este n\u00famero aumente hasta las 300.000 viviendas anuales.<\/p>\n<p>Si hablamos de la creaci\u00f3n de estos nuevos pisos de alquiler social, el Gobierno tiene como objetivo la creaci\u00f3n de 20.000 viviendas destinadas a este fin para finales de 2023.<\/p>\n<p>&nbsp;<\/p>\n<p>La distribuci\u00f3n ser\u00e1 del 40% para los fondos destinados a rehabilitaci\u00f3n y casi el 60% para los destinados a vivienda en alquiler para Catalu\u00f1a, Comunidad de Madrid, Andaluc\u00eda y la Comunidad Valenciana. El resto se dividir\u00e1 entre las dem\u00e1s CC.AA.<\/p>\n<p>Con estas medidas, el Gobierno prev\u00e9 la creaci\u00f3n de m\u00e1s de 180.000 puestos de trabajo.<\/p>\n<p>El plan para fomentar la rehabilitaci\u00f3n energ\u00e9tica en la vivienda espa\u00f1ola incluye tres tipos de deducciones y ayudas, relacionadas con cambios en la mejora del consumo de calefacci\u00f3n y refrigeraci\u00f3n, como instalar ventanas de altas prestaciones, o aumentar la calificaci\u00f3n energ\u00e9tica de los edificios en general.<\/p>\n<p>Adem\u00e1s, en Espa\u00f1a, existen Subvenciones para Actuaciones de Rehabilitaci\u00f3n Energ\u00e9tica por comunidades aut\u00f3nomas. Para obtener informaci\u00f3n de la correspondiente a tu CC.AA. puedes consultar <a href=\"https:\/\/climalit.es\/blog\/conoces-los-planes-renove-de-2022\/\">este art\u00edculo de nuestro blog<\/a>.<\/p>\n<p>Uno de los pilares de la rehabilitaci\u00f3n de las viviendas son las ventanas, ya que son estas suponen gran parte de las p\u00e9rdidas energ\u00e9ticas de la casa. Una buena ventana que a\u00edsle tanto en <a href=\"https:\/\/climalit.es\/blog\/tips-para-un-verano-sin-calor\/\">verano<\/a>, como en <a href=\"https:\/\/climalit.es\/blog\/convierte-tu-casa-en-un-lugar-calido-para-el-invierno\/\">invierno<\/a>, puede conseguir un ahorro de hasta un 40 % en el uso de energ\u00eda para la climatizaci\u00f3n de esta.<\/p>\n<p><a href=\"https:\/\/climalit.es\/\"><strong>CLIMALIT PLUS<\/strong><\/a><strong>\u00ae <\/strong>ofrece todo tipo de soluciones para que puedas sentir el confort y el bienestar que mereces en tu casa. Tanto si vives en un clima frio, como en uno c\u00e1lido, instalar un doble o triple acristalamiento de <a href=\"https:\/\/climalit.es\/\"><strong>CLIMALIT PLUS<\/strong><\/a><strong>\u00ae<\/strong> te supondr\u00e1 de un ahorro considerable en tus facturas, a la par que estar\u00e1s ayudando al medio ambiente.<\/p>\n<p>&nbsp;<\/p>\n<p><img loading=\"lazy\" class=\"alignnone size-full wp-image-6610 aligncenter\" src=\"https:\/\/climalit.es\/blog\/wp-content\/uploads\/2022\/09\/Foto-2-1024x600-1.jpg\" alt=\"climalit-ventanas\" width=\"1024\" height=\"600\" srcset=\"https:\/\/climalit.es\/blog\/wp-content\/uploads\/2022\/09\/Foto-2-1024x600-1.jpg 1024w, https:\/\/climalit.es\/blog\/wp-content\/uploads\/2022\/09\/Foto-2-1024x600-1-640x375.jpg 640w, https:\/\/climalit.es\/blog\/wp-content\/uploads\/2022\/09\/Foto-2-1024x600-1-768x450.jpg 768w, https:\/\/climalit.es\/blog\/wp-content\/uploads\/2022\/09\/Foto-2-1024x600-1-320x188.jpg 320w\" sizes=\"(max-width: 1024px) 100vw, 1024px\" \/><\/p>\n<p>&nbsp;<\/p>\n<h2><strong>CLIMALIT PLUS\u00ae, confort y sostenibilidad a tu alcance<\/strong><\/h2>\n<p><a href=\"https:\/\/climalit.es\/\"><strong>CLIMALIT PLUS<\/strong><\/a><strong>\u00ae<\/strong> ofrece todo tipo de soluciones en doble y triple acristalamiento que te ayudar\u00e1n a aislar tu casa frente a temperaturas y ruidos molestos del exterior.<\/p>\n<p>Adem\u00e1s, gracias a <a href=\"https:\/\/climalit.es\/\"><strong>CLIMALIT PLUS<\/strong><\/a><strong>\u00ae<\/strong>, podr\u00e1s ahorrar hasta un 40 % en tus facturas energ\u00e9ticas.<\/p>\n<p>Si quieres averiguar el cristal m\u00e1s adecuado para tu vivienda, adem\u00e1s de preservar el medio ambiente y ahorrar en las facturas energ\u00e9ticas, te animamos a visitar \u201c<a href=\"https:\/\/cambiatusventanas.climalit.es\/#\/\"><strong>Cambia Tus Ventanas<\/strong><\/a>\u201d, de la web\u00a0<a href=\"https:\/\/climalit.es\/productos\/\"><strong>CLIMALIT\u00ae<\/strong><\/a>, donde podr\u00e1s descubrir la composici\u00f3n m\u00e1s adecuada en funci\u00f3n de las necesidades de tu hogar.<\/p>\n<p>&nbsp;<\/p>\n<\/div>","protected":false},"excerpt":{"rendered":"<p>El pasado 23 de agosto, el Consejo de Ministros aprob\u00f3 un paquete de ayudas para la rehabilitaci\u00f3n energ\u00e9tica de viviendas en Espa\u00f1a, as\u00ed como para la construcci\u00f3n de nuevas casas para alquiler p\u00fablico que sean altamente eficientes. Desde CLIMALIT\u00ae, queremos&#8230;<\/p>\n","protected":false},"author":5,"featured_media":6609,"comment_status":"closed","ping_status":"closed","sticky":false,"template":"","format":"standard","meta":{"amp_status":""},"categories":[40,35],"tags":[],"acf":[],"_links":{"self":[{"href":"https:\/\/climalit.es\/blog\/wp-json\/wp\/v2\/posts\/6608"}],"collection":[{"href":"https:\/\/climalit.es\/blog\/wp-json\/wp\/v2\/posts"}],"about":[{"href":"https:\/\/climalit.es\/blog\/wp-json\/wp\/v2\/types\/post"}],"author":[{"embeddable":true,"href":"https:\/\/climalit.es\/blog\/wp-json\/wp\/v2\/users\/5"}],"replies":[{"embeddable":true,"href":"https:\/\/climalit.es\/blog\/wp-json\/wp\/v2\/comments?post=6608"}],"version-history":[{"count":1,"href":"https:\/\/climalit.es\/blog\/wp-json\/wp\/v2\/posts\/6608\/revisions"}],"predecessor-version":[{"id":6611,"href":"https:\/\/climalit.es\/blog\/wp-json\/wp\/v2\/posts\/6608\/revisions\/6611"}],"wp:featuredmedia":[{"embeddable":true,"href":"https:\/\/climalit.es\/blog\/wp-json\/wp\/v2\/media\/6609"}],"wp:attachment":[{"href":"https:\/\/climalit.es\/blog\/wp-json\/wp\/v2\/media?parent=6608"}],"wp:term":[{"taxonomy":"category","embeddable":true,"href":"https:\/\/climalit.es\/blog\/wp-json\/wp\/v2\/categories?post=6608"},{"taxonomy":"post_tag","embeddable":true,"href":"https:\/\/climalit.es\/blog\/wp-json\/wp\/v2\/tags?post=6608"}],"curies":[{"name":"wp","href":"https:\/\/api.w.org\/{rel}","templated":true}]}}