{"id":6524,"date":"2022-08-12T10:02:05","date_gmt":"2022-08-12T08:02:05","guid":{"rendered":"https:\/\/climalit.es\/blog\/?p=6524"},"modified":"2022-08-05T10:10:37","modified_gmt":"2022-08-05T08:10:37","slug":"protege-tus-muebles-frente-al-desgaste-por-luz-solar","status":"publish","type":"post","link":"https:\/\/climalit.es\/blog\/protege-tus-muebles-frente-al-desgaste-por-luz-solar\/","title":{"rendered":"Protege tus muebles frente al desgaste por luz solar"},"content":{"rendered":"<div class=\"bt_bb_wrapper\"><p>Los muebles del hogar pueden da\u00f1arse si est\u00e1n en el jard\u00edn o en el patio, o directamente en la casa, si est\u00e1n expuestos a la luz solar directa. Lo mismo ocurre con los suelos de madera y el parquet.<\/p>\n<p>Si queremos mantener nuestros muebles con su color y tacto originales y alargar su vida \u00fatil, es recomendable tomar ciertas medidas preventivas y de mantenimiento.<\/p>\n<p>Desde <a href=\"https:\/\/climalit.es\/productos\/\"><strong>CLIMALIT\u00ae<\/strong><\/a>, queremos daros algunos consejos para cuidar vuestros muebles, ya sea interiores o exteriores, del deterioro causado por la luz del sol. Gracias a ellos, podr\u00e9is disfrutarlos durante muchos a\u00f1os.<\/p>\n<p>&nbsp;<\/p>\n<h2><strong>El sol y su radiaci\u00f3n UV, enemigos naturales de nuestros muebles<\/strong><\/h2>\n<p>Como deseamos que disfrutes muchos a\u00f1os de todos tus muebles, te queremos aconsejar sobre su mantenimiento con respecto al sol. Algunos de estos consejos son:<\/p>\n<ul>\n<li>Busca colores claros para tus muebles, ya que los colores m\u00e1s fuertes son los primeros en los que se notan los deterioros causados por el sol.<\/li>\n<\/ul>\n<p>&nbsp;<\/p>\n<ul>\n<li>Para evitar el agrietamiento y la resequedad en los muebles de cuero, l\u00edmpialos cada 6 meses con aceites esenciales o cremas hidratantes.<\/li>\n<\/ul>\n<p>&nbsp;<\/p>\n<ul>\n<li>Si te vas a decantar por muebles de tela, busca tejidos naturales como la lana o el algod\u00f3n, u otros m\u00e1s elaborados como los que traen mezclas de acr\u00edlico, nylon e incluso el poli\u00e9ster.<\/li>\n<\/ul>\n<p>&nbsp;<\/p>\n<ul>\n<li>Para prevenir que el sol deje p\u00e1lidos y resecos tus muebles de madera, debes proteger la madera con un sellador, un protector o un barniz. Esto es fundamental en cualquier mueble que se vaya situar en el exterior de la vivienda.<\/li>\n<\/ul>\n<p>&nbsp;<\/p>\n<ul>\n<li>Trata de impedir el paso de la luz solar al interior de la vivienda con cortinas. Por lo menos en las temporadas del a\u00f1o m\u00e1s calurosas.<\/li>\n<\/ul>\n<p>&nbsp;<\/p>\n<ul>\n<li>Instala vidrios con cierto grado de protecci\u00f3n solar en tus ventanas. Unas buenas ventanas pueden actuar como filtro frente a los rayos UV, protegiendo nuestros muebles.<\/li>\n<\/ul>\n<p><img loading=\"lazy\" class=\"size-full wp-image-6526 aligncenter\" src=\"https:\/\/climalit.es\/blog\/wp-content\/uploads\/2022\/08\/Foto-20-1024x600-1.jpg\" alt=\"climalit-ventanas\" width=\"1024\" height=\"600\" srcset=\"https:\/\/climalit.es\/blog\/wp-content\/uploads\/2022\/08\/Foto-20-1024x600-1.jpg 1024w, https:\/\/climalit.es\/blog\/wp-content\/uploads\/2022\/08\/Foto-20-1024x600-1-640x375.jpg 640w, https:\/\/climalit.es\/blog\/wp-content\/uploads\/2022\/08\/Foto-20-1024x600-1-768x450.jpg 768w, https:\/\/climalit.es\/blog\/wp-content\/uploads\/2022\/08\/Foto-20-1024x600-1-320x188.jpg 320w\" sizes=\"(max-width: 1024px) 100vw, 1024px\" \/><\/p>\n<p>&nbsp;<\/p>\n<h2><strong>Frena la radiaci\u00f3n UV con el control solar<\/strong><\/h2>\n<p>El vidrio de control solar reduce la entrada de energ\u00eda proveniente del sol, manteniendo la luz natural, y as\u00ed crea un ambiente c\u00f3modo y agradable. Puedes encontrar m\u00e1s informaci\u00f3n sobre el control solar pinchando <a href=\"https:\/\/climalit.es\/blog\/sabes-que-es-el-control-solar\/\"><strong>aqu\u00ed<\/strong><\/a>.<\/p>\n<p><a href=\"https:\/\/climalit.es\/productos\"><strong>PLANISTAR ONE\u00ae<\/strong><\/a> es el vidrio con control solar por excelencia, ya que permite la mayor entrada de luz natural, ofreciendo el m\u00e1ximo confort y ahorro, tanto en calefacci\u00f3n como en aire acondicionado, dada su eficiencia energ\u00e9tica. Este vidrio nos permite tener una temperatura fresca en verano y c\u00e1lida en invierno. Es el acristalamiento que mejor balance energ\u00e9tico y medioambiental nos ofrece, con una gran neutralidad est\u00e9tica.<\/p>\n<p>Gracias a <a href=\"https:\/\/climalit.es\/\"><strong>CLIMALIT PLUS<\/strong><\/a><strong>\u00ae<\/strong>, podr\u00e1s ahorrar hasta un 40 % en tus facturas energ\u00e9ticas. Ya no hace falta renunciar a la luz natural del sol y estar en casa a oscuras para evitar el calor del verano. Con un buen control solar, te podr\u00e1s ahorrar, en gran parte, el consumo generado por los aparatos de aire acondicionado.<\/p>\n<p>Si quieres averiguar el cristal m\u00e1s adecuado para tu vivienda, adem\u00e1s de preservar el medio ambiente y ahorrar en las facturas energ\u00e9ticas, te animamos a visitar \u201c<a href=\"https:\/\/cambiatusventanas.climalit.es\/#\/\"><strong>Cambia Tus Ventanas<\/strong><\/a>\u201d, de la web\u00a0<a href=\"https:\/\/climalit.es\/productos\/\"><strong>CLIMALIT\u00ae<\/strong><\/a>, donde podr\u00e1s descubrir la composici\u00f3n m\u00e1s adecuada en funci\u00f3n de las necesidades de tu hogar.<\/p>\n<p>&nbsp;<\/p>\n<\/div>","protected":false},"excerpt":{"rendered":"<p>Los muebles del hogar pueden da\u00f1arse si est\u00e1n en el jard\u00edn o en el patio, o directamente en la casa, si est\u00e1n expuestos a la luz solar directa. Lo mismo ocurre con los suelos de madera y el parquet. Si&#8230;<\/p>\n","protected":false},"author":5,"featured_media":6525,"comment_status":"closed","ping_status":"closed","sticky":false,"template":"","format":"standard","meta":{"amp_status":""},"categories":[38,43],"tags":[],"acf":[],"_links":{"self":[{"href":"https:\/\/climalit.es\/blog\/wp-json\/wp\/v2\/posts\/6524"}],"collection":[{"href":"https:\/\/climalit.es\/blog\/wp-json\/wp\/v2\/posts"}],"about":[{"href":"https:\/\/climalit.es\/blog\/wp-json\/wp\/v2\/types\/post"}],"author":[{"embeddable":true,"href":"https:\/\/climalit.es\/blog\/wp-json\/wp\/v2\/users\/5"}],"replies":[{"embeddable":true,"href":"https:\/\/climalit.es\/blog\/wp-json\/wp\/v2\/comments?post=6524"}],"version-history":[{"count":1,"href":"https:\/\/climalit.es\/blog\/wp-json\/wp\/v2\/posts\/6524\/revisions"}],"predecessor-version":[{"id":6527,"href":"https:\/\/climalit.es\/blog\/wp-json\/wp\/v2\/posts\/6524\/revisions\/6527"}],"wp:featuredmedia":[{"embeddable":true,"href":"https:\/\/climalit.es\/blog\/wp-json\/wp\/v2\/media\/6525"}],"wp:attachment":[{"href":"https:\/\/climalit.es\/blog\/wp-json\/wp\/v2\/media?parent=6524"}],"wp:term":[{"taxonomy":"category","embeddable":true,"href":"https:\/\/climalit.es\/blog\/wp-json\/wp\/v2\/categories?post=6524"},{"taxonomy":"post_tag","embeddable":true,"href":"https:\/\/climalit.es\/blog\/wp-json\/wp\/v2\/tags?post=6524"}],"curies":[{"name":"wp","href":"https:\/\/api.w.org\/{rel}","templated":true}]}}