{"id":6401,"date":"2022-04-08T09:11:27","date_gmt":"2022-04-08T07:11:27","guid":{"rendered":"https:\/\/climalit.es\/blog\/?p=6401"},"modified":"2022-04-22T12:08:52","modified_gmt":"2022-04-22T10:08:52","slug":"conoce-como-aislar-una-ventana-corredera","status":"publish","type":"post","link":"https:\/\/climalit.es\/blog\/conoce-como-aislar-una-ventana-corredera\/","title":{"rendered":"Conoce c\u00f3mo aislar una ventana corredera"},"content":{"rendered":"<div class=\"bt_bb_wrapper\"><p>Las ventanas correderas son uno de los tipos de ventanas m\u00e1s pr\u00e1cticos que hay de cara a abrir y cerrar, ya que no ocupan pr\u00e1cticamente espacio y suele hacerse de forma muy c\u00f3moda. Sin embargo, es un tipo de ventana que conviene aislar de forma adecuada, pues de lo contrario podr\u00edamos hacer que se pierda por ellas mucho calor.<\/p>\n<p>As\u00ed, si queremos aislar las ventanas correderas, tenemos que evaluar las diferentes opciones que tenemos y es que hay varias, cada una con sus pros y sus contras, como pueden ser instalar cortinas t\u00e9rmicas, aislar el vidrio de la ventana, sellar el cerco\u2026 entre otras muchas. \u00a0Desde\u00a0<a href=\"https:\/\/climalit.es\/productos\/\"><strong>CLIMALIT PLUS<\/strong><\/a>\u00a0queremos daros ideas sobre c\u00f3mo mejorar la calidad de vida en nuestros hogares aislando de manera correcta nuestras ventanas correderas.<\/p>\n<h4><strong>Cortinas t\u00e9rmicas<\/strong><\/h4>\n<p>Las cortinas t\u00e9rmicas tienen la propiedad de aislar del fr\u00edo. En general tendemos a infravalorar el impacto de las cortinas en el aislamiento exterior, pero pueden contribuir mucho. As\u00ed, una ventana desnuda tiene un \u00edndice de conductividad t\u00e9rmica mayor que el de una ventana que cuente con cortinas.<\/p>\n<p>Para esta tarea podemos optar tanto por las cortinas tradicionales como por cortinas espec\u00edficamente dise\u00f1adas con este fin. A la hora de instalarlas, es fundamental, sobre todo, tener en cuenta el material en el que est\u00e1n hechas y su tama\u00f1o. Cuanto m\u00e1s gruesa y tupida sea la tela y cuanto m\u00e1s largas y anchas sean, mayor ser\u00e1 el aislamiento. Es importante que ocupen toda la superficie de la ventana para conseguir una m\u00e1xima eficiencia.<\/p>\n<h4><strong>Sellar el cerco de la ventana<\/strong><\/h4>\n<p>\u00c9ste ser\u00eda otro truco para aislar las ventanas correderas. En ocasiones, sobre todo cuando estamos hablando de ventanas antiguas y desgastadas por el paso del tiempo, suelen aparecer grietas en el yeso de la pared que rodea el marco de la ventana y es por esta zona por la que se producen p\u00e9rdidas de calor.<\/p>\n<p>En este caso, lo que habr\u00eda que hacer es, ante todo, identificar por d\u00f3nde se est\u00e1 escapando el calor y pedir presupuesto para cambiar las ventanas. Mientras tanto, se puede inyectar espuma de poliuretano que vaya expandi\u00e9ndose por la estructura. Finalmente, puede taparse el agujero con masilla y pintar.<\/p>\n<h4><strong>Aislar el caj\u00f3n de la persiana<\/strong><\/h4>\n<p>Pocas personas piensan en el caj\u00f3n de la persiana, que es uno de los lugares por donde m\u00e1s energ\u00eda se pierde y por donde tambi\u00e9n m\u00e1s ruido entra. Las cajas antiguas de las ventanas no tienen cierres herm\u00e9ticos por lo que lo ideal es colocar paneles o planchas de poliestireno y situarlos dentro de la caja para as\u00ed aislarla.<\/p>\n<p><img loading=\"lazy\" class=\"alignnone size-full wp-image-6403\" src=\"https:\/\/climalit.es\/blog\/wp-content\/uploads\/2022\/04\/Foto-2-1024x600-1.jpg\" alt=\"\" width=\"1024\" height=\"600\" srcset=\"https:\/\/climalit.es\/blog\/wp-content\/uploads\/2022\/04\/Foto-2-1024x600-1.jpg 1024w, https:\/\/climalit.es\/blog\/wp-content\/uploads\/2022\/04\/Foto-2-1024x600-1-640x375.jpg 640w, https:\/\/climalit.es\/blog\/wp-content\/uploads\/2022\/04\/Foto-2-1024x600-1-768x450.jpg 768w, https:\/\/climalit.es\/blog\/wp-content\/uploads\/2022\/04\/Foto-2-1024x600-1-320x188.jpg 320w\" sizes=\"(max-width: 1024px) 100vw, 1024px\" \/><\/p>\n<h4><strong>Aislar el vidrio<\/strong><\/h4>\n<p>Entre todos los m\u00e9todos que existen, hay uno que es crucial. Tener un vidrio de calidad en las ventanas con una capa aislante conceder\u00e1 a la ventana esa capa extra necesaria para que el frio no pase al interior de la vivienda.<\/p>\n<p>Desde <a href=\"https:\/\/climalit.es\/\"><strong>CLIMALIT PLUS<\/strong><\/a>\u00a0te recomendamos colocar un doble o triple acristalamiento\u00a0<a href=\"https:\/\/climalit.es\/productos\/\"><strong>CLIMALIT PLUS\u00ae con PLANITHERM 4S<\/strong><\/a><strong>\u00ae.<\/strong><\/p>\n<p>Este cristal conseguir\u00e1 un buen aislamiento t\u00e9rmico en los meses fr\u00edos, y control solar en los meses calurosos impidiendo la entrada de energ\u00eda, pero dejando pasar la luz natural.\u00a0<a href=\"https:\/\/climalit.es\/productos\/\">PLANITHERM 4S\u00ae<\/a>\u00a0mantiene nuestra casa a una temperatura confortable durante todo el a\u00f1o y permite el\u00a0<strong>ahorro en las facturas<\/strong>\u00a0gracias a la incorporaci\u00f3n de ventanas eficientes y sostenibles, ya que consumiremos\u00a0hasta\u00a0<strong>un\u00a040% menos de energ\u00eda<\/strong>, contribuyendo as\u00ed a preservar\u00a0al\u00a0medio ambiente.<\/p>\n<p>Si quieres averiguar el cristal m\u00e1s adecuado para tu vivienda, adem\u00e1s de preservar el medio ambiente, te animamos a visitar \u201c<a href=\"https:\/\/cambiatusventanas.climalit.es\/#\/\"><strong>Cambia Tus Ventanas<\/strong><\/a>\u201d, de la web\u00a0<a href=\"https:\/\/climalit.es\/productos\/\"><strong>CLIMALIT<\/strong><\/a>, donde podr\u00e1s descubrir la composici\u00f3n m\u00e1s adecuada en funci\u00f3n de las necesidades de tu hogar.<\/p>\n<\/div>","protected":false},"excerpt":{"rendered":"<p>Las ventanas correderas son uno de los tipos de ventanas m\u00e1s pr\u00e1cticos que hay de cara a abrir y cerrar, ya que no ocupan pr\u00e1cticamente espacio y suele hacerse de forma muy c\u00f3moda. Sin embargo, es un tipo de ventana&#8230;<\/p>\n","protected":false},"author":5,"featured_media":6402,"comment_status":"closed","ping_status":"closed","sticky":false,"template":"","format":"standard","meta":{"amp_status":""},"categories":[43],"tags":[],"acf":[],"_links":{"self":[{"href":"https:\/\/climalit.es\/blog\/wp-json\/wp\/v2\/posts\/6401"}],"collection":[{"href":"https:\/\/climalit.es\/blog\/wp-json\/wp\/v2\/posts"}],"about":[{"href":"https:\/\/climalit.es\/blog\/wp-json\/wp\/v2\/types\/post"}],"author":[{"embeddable":true,"href":"https:\/\/climalit.es\/blog\/wp-json\/wp\/v2\/users\/5"}],"replies":[{"embeddable":true,"href":"https:\/\/climalit.es\/blog\/wp-json\/wp\/v2\/comments?post=6401"}],"version-history":[{"count":1,"href":"https:\/\/climalit.es\/blog\/wp-json\/wp\/v2\/posts\/6401\/revisions"}],"predecessor-version":[{"id":6404,"href":"https:\/\/climalit.es\/blog\/wp-json\/wp\/v2\/posts\/6401\/revisions\/6404"}],"wp:featuredmedia":[{"embeddable":true,"href":"https:\/\/climalit.es\/blog\/wp-json\/wp\/v2\/media\/6402"}],"wp:attachment":[{"href":"https:\/\/climalit.es\/blog\/wp-json\/wp\/v2\/media?parent=6401"}],"wp:term":[{"taxonomy":"category","embeddable":true,"href":"https:\/\/climalit.es\/blog\/wp-json\/wp\/v2\/categories?post=6401"},{"taxonomy":"post_tag","embeddable":true,"href":"https:\/\/climalit.es\/blog\/wp-json\/wp\/v2\/tags?post=6401"}],"curies":[{"name":"wp","href":"https:\/\/api.w.org\/{rel}","templated":true}]}}