{"id":6387,"date":"2022-03-25T09:26:23","date_gmt":"2022-03-25T08:26:23","guid":{"rendered":"https:\/\/climalit.es\/blog\/?p=6387"},"modified":"2022-03-21T09:32:33","modified_gmt":"2022-03-21T08:32:33","slug":"subvenciones-para-actuaciones-de-rehabilitacion-energetica-de-edificios-en-castilla-y-leon-2","status":"publish","type":"post","link":"https:\/\/climalit.es\/blog\/subvenciones-para-actuaciones-de-rehabilitacion-energetica-de-edificios-en-castilla-y-leon-2\/","title":{"rendered":"<b>SUBVENCIONES<\/b> <b>PARA<\/b> <b>ACTUACIONES<\/b> <b>DE<\/b> REHABILITACI\u00d3N ENERG\u00c9TICA <b>DE<\/b> <b>EDIFICIOS<\/b> <b>EN<\/b> <b>CASTILLA<\/b> Y LE\u00d3N"},"content":{"rendered":"<div class=\"bt_bb_wrapper\"><p>Se ha publicado las bases de las ayudas para las actuaciones de rehabilitaci\u00f3n energ\u00e9tica de edificios, del programa PREE 5000, en municipios de retos demogr\u00e1fico en Castilla y Le\u00f3n. Desde <a href=\"https:\/\/climalit.es\/beneficios\/\"><strong>CLIMALIT PLUS<\/strong><\/a> queremos daros m\u00e1s informaci\u00f3n sobre estas subvenciones.<\/p>\n<p><strong>El plan est\u00e1 dirigido a:<\/strong><\/p>\n<p>a) Las personas f\u00edsicas o jur\u00eddicas de naturaleza privada o p\u00fablica que sean propietarias de edificios existentes destinados a cualquier uso.<\/p>\n<p>b) Las comunidades de propietarios o las agrupaciones de comunidades de propietarios de edificios residenciales de uso vivienda.<\/p>\n<p>c) Las personas propietarias que, de forma agrupada, lo sean de edificios.<\/p>\n<p>d) Las empresas explotadoras, arrendatarias o concesionarias de edificios, que acrediten dicha condici\u00f3n mediante contrato vigente a largo plazo con la propiedad.<\/p>\n<p>e) Las empresas de servicios energ\u00e9ticos (ESEs) o proveedores de servicios energ\u00e9ticos.<\/p>\n<p>f) Las entidades locales.<\/p>\n<p>g) Las comunidades de energ\u00edas renovables y las comunidades ciudadanas de energ\u00eda.<\/p>\n<p>h) Los ayuntamientos, las diputaciones provinciales o las entidades locales equivalentes y las mancomunidades o agrupaciones de municipios, las administraciones de las CAE y cualesquiera organismos p\u00fablicos y entidades de derecho p\u00fablico vinculados o dependientes de las referidas administraciones p\u00fablicas.<\/p>\n<p>Ser\u00e1n <strong>actuaciones subvencionables<\/strong>:<\/p>\n<p>a) Mejora de la eficiencia energ\u00e9tica de la envolvente t\u00e9rmica.<\/p>\n<p>b) Mejora de la eficiencia energ\u00e9tica y uso de energ\u00edas renovables en las instalaciones t\u00e9rmicas de calefacci\u00f3n, climatizaci\u00f3n, refrigeraci\u00f3n, ventilaci\u00f3n y agua caliente sanitaria.<\/p>\n<p>c) Mejora de la eficiencia energ\u00e9tica de las instalaciones de iluminaci\u00f3n.<\/p>\n<p><img loading=\"lazy\" class=\"alignnone size-full wp-image-6389\" src=\"https:\/\/climalit.es\/blog\/wp-content\/uploads\/2022\/03\/Foto-2-1024x600-5.jpg\" alt=\"\" width=\"1024\" height=\"600\" srcset=\"https:\/\/climalit.es\/blog\/wp-content\/uploads\/2022\/03\/Foto-2-1024x600-5.jpg 1024w, https:\/\/climalit.es\/blog\/wp-content\/uploads\/2022\/03\/Foto-2-1024x600-5-640x375.jpg 640w, https:\/\/climalit.es\/blog\/wp-content\/uploads\/2022\/03\/Foto-2-1024x600-5-768x450.jpg 768w, https:\/\/climalit.es\/blog\/wp-content\/uploads\/2022\/03\/Foto-2-1024x600-5-320x188.jpg 320w\" sizes=\"(max-width: 1024px) 100vw, 1024px\" \/><\/p>\n<p><strong>Las solicitudes se podr\u00e1n presentar<\/strong> desde el 15 de marzo de 2022 hasta el 31 de diciembre de 2023.<\/p>\n<p><strong>La dotaci\u00f3n presupuestaria<\/strong> del programa PREE para el caso de Castilla y Le\u00f3n es de 10.945.000 de euros.<\/p>\n<p>Para m\u00e1s informaci\u00f3n:<\/p>\n<p><a href=\"https:\/\/urldefense.proofpoint.com\/v2\/url?u=https-3A__bocyl.jcyl.es_boletines_2022_03_09_pdf_BOCYL-2DD-2D09032022-2D11.pdf&amp;d=DwMFaQ&amp;c=tkg6qBpVKaymQv9tTEpyCv5e23C4oKrSdZwjE7Q68Ts&amp;r=N9J1L-MoQlqRsPreLqVGJ_E9eiCe-owZqKhR8qUr594&amp;m=pidlsN79IxZ7euRcpT5qQKMjh_ZDRgjNXOm8fCqGJb8&amp;s=W7OjfCtMuZOOmwY1Bt_KDpLwz_bpcJL29uMIVd-TP9Y&amp;e=\">https:\/\/bocyl.jcyl.es\/boletines\/2022\/03\/09\/pdf\/BOCYL-D-09032022-11.pdf<\/a><\/p>\n<p>Si est\u00e1s pensando en cambiar las ventanas de tu vivienda, te recomendamos que visites el apartado \u201c<a href=\"https:\/\/cambiatusventanas.climalit.es\/#\/\">Cambia Tus Ventanas<\/a>\u201d de la web de CLIMALIT, donde podr\u00e1s obtener la composici\u00f3n m\u00e1s adecuada en funci\u00f3n de las necesidades de tu hogar.<\/p>\n<\/div>","protected":false},"excerpt":{"rendered":"<p>Se ha publicado las bases de las ayudas para las actuaciones de rehabilitaci\u00f3n energ\u00e9tica de edificios, del programa PREE 5000, en municipios de retos demogr\u00e1fico en Castilla y Le\u00f3n. Desde CLIMALIT PLUS queremos daros m\u00e1s informaci\u00f3n sobre estas subvenciones. El&#8230;<\/p>\n","protected":false},"author":5,"featured_media":6388,"comment_status":"closed","ping_status":"closed","sticky":false,"template":"","format":"standard","meta":{"amp_status":""},"categories":[40],"tags":[],"acf":[],"_links":{"self":[{"href":"https:\/\/climalit.es\/blog\/wp-json\/wp\/v2\/posts\/6387"}],"collection":[{"href":"https:\/\/climalit.es\/blog\/wp-json\/wp\/v2\/posts"}],"about":[{"href":"https:\/\/climalit.es\/blog\/wp-json\/wp\/v2\/types\/post"}],"author":[{"embeddable":true,"href":"https:\/\/climalit.es\/blog\/wp-json\/wp\/v2\/users\/5"}],"replies":[{"embeddable":true,"href":"https:\/\/climalit.es\/blog\/wp-json\/wp\/v2\/comments?post=6387"}],"version-history":[{"count":1,"href":"https:\/\/climalit.es\/blog\/wp-json\/wp\/v2\/posts\/6387\/revisions"}],"predecessor-version":[{"id":6390,"href":"https:\/\/climalit.es\/blog\/wp-json\/wp\/v2\/posts\/6387\/revisions\/6390"}],"wp:featuredmedia":[{"embeddable":true,"href":"https:\/\/climalit.es\/blog\/wp-json\/wp\/v2\/media\/6388"}],"wp:attachment":[{"href":"https:\/\/climalit.es\/blog\/wp-json\/wp\/v2\/media?parent=6387"}],"wp:term":[{"taxonomy":"category","embeddable":true,"href":"https:\/\/climalit.es\/blog\/wp-json\/wp\/v2\/categories?post=6387"},{"taxonomy":"post_tag","embeddable":true,"href":"https:\/\/climalit.es\/blog\/wp-json\/wp\/v2\/tags?post=6387"}],"curies":[{"name":"wp","href":"https:\/\/api.w.org\/{rel}","templated":true}]}}