{"id":6259,"date":"2021-11-12T12:00:10","date_gmt":"2021-11-12T11:00:10","guid":{"rendered":"https:\/\/climalit.es\/blog\/?p=6259"},"modified":"2021-11-11T15:02:37","modified_gmt":"2021-11-11T14:02:37","slug":"actuaciones-rehabilitacion-energetica-en-asturias","status":"publish","type":"post","link":"https:\/\/climalit.es\/blog\/actuaciones-rehabilitacion-energetica-en-asturias\/","title":{"rendered":"Actuaciones rehabilitaci\u00f3n energ\u00e9tica en Asturias"},"content":{"rendered":"<div class=\"bt_bb_wrapper\"><p>Se ha publicado las bases de las ayudas para las actuaciones de rehabilitaci\u00f3n energ\u00e9tica de edificios, del programa PREE 5000, en municipios de retos demogr\u00e1fico en Asturias. Desde <a href=\"https:\/\/climalit.es\/beneficios\/\"><strong>CLIMALIT PLUS<\/strong><\/a> queremos daros m\u00e1s informaci\u00f3n sobre estas subvenciones.<\/p>\n<p><strong>El plan est\u00e1 dirigido a:<\/strong><\/p>\n<p>&#8211; Las personas f\u00edsicas o jur\u00eddicas de naturaleza privada o p\u00fablica.<\/p>\n<p>&#8211; Las comunidades de propietarios o las agrupaciones de comunidades de propietarios.<\/p>\n<p>&#8211; Las empresas explotadoras, arrendatarias o concesionarias de edificios.<\/p>\n<p>&#8211; Las empresas de servicios energ\u00e9ticos (ESEs), o proveedores de servicios energ\u00e9ticos.<\/p>\n<p>&#8211; Las entidades locales.<\/p>\n<p>Las comunidades de energ\u00edas renovables o comunidades ciudadanas de energ\u00eda.<\/p>\n<p>Ser\u00e1n <strong>actuaciones subvencionables<\/strong>:<\/p>\n<p>&#8211; Mejora de la eficiencia energ\u00e9tica de la envolvente t\u00e9rmica.<\/p>\n<p>&#8211; Mejora de la eficiencia energ\u00e9tica y uso de energ\u00edas renovables en las instalaciones t\u00e9rmicas de calefacci\u00f3n, climatizaci\u00f3n, refrigeraci\u00f3n, ventilaci\u00f3n y agua caliente sanitaria.<\/p>\n<p>&#8211; Mejora de la eficiencia energ\u00e9tica de las instalaciones de iluminaci\u00f3n.<\/p>\n<p><strong>\u00c1mbito territorial:<\/strong> Los concejos de reto demogr\u00e1fico: concejos de hasta 5.000 habitantes y los concejos no urbanos de hasta 20.000 habitantes en los que todas sus entidades singulares de poblaci\u00f3n sean de hasta 5.000 habitantes.<\/p>\n<p><img loading=\"lazy\" class=\"alignnone size-full wp-image-6257\" src=\"https:\/\/climalit.es\/blog\/wp-content\/uploads\/2021\/11\/Foto-2-1024x600-4.jpg\" alt=\"\" width=\"1024\" height=\"601\" srcset=\"https:\/\/climalit.es\/blog\/wp-content\/uploads\/2021\/11\/Foto-2-1024x600-4.jpg 1024w, https:\/\/climalit.es\/blog\/wp-content\/uploads\/2021\/11\/Foto-2-1024x600-4-640x376.jpg 640w, https:\/\/climalit.es\/blog\/wp-content\/uploads\/2021\/11\/Foto-2-1024x600-4-768x451.jpg 768w, https:\/\/climalit.es\/blog\/wp-content\/uploads\/2021\/11\/Foto-2-1024x600-4-320x188.jpg 320w\" sizes=\"(max-width: 1024px) 100vw, 1024px\" \/><\/p>\n<p><strong>Las solicitudes se podr\u00e1n presentar<\/strong> desde el 28 de octubre hasta el 31 de diciembre de 2023.<\/p>\n<p><strong>La dotaci\u00f3n presupuestaria<\/strong> del programa PREE para el caso de Asturias es de 1.156.744 \u20ac.<\/p>\n<p>Para m\u00e1s informaci\u00f3n:<\/p>\n<p><a href=\"https:\/\/urldefense.proofpoint.com\/v2\/url?u=https-3A__sede.asturias.es_bopa_2021_10_27_2021-2D09310.pdf&amp;d=DwMFAw&amp;c=tkg6qBpVKaymQv9tTEpyCv5e23C4oKrSdZwjE7Q68Ts&amp;r=N9J1L-MoQlqRsPreLqVGJ_E9eiCe-owZqKhR8qUr594&amp;m=fTvrJOZOIWlNA11f_1LSjBM6qPgxGSQA2kJSidjTJFQ&amp;s=jgBFWHZ2rBY2FjRXp27O8SnaA_COBQMmYKZ4-bO4Q1A&amp;e=\">https:\/\/sede.asturias.es\/bopa\/2021\/10\/27\/2021-09310.pdf<\/a><\/p>\n<p>Si est\u00e1s pensando en cambiar las ventanas de tu vivienda, te recomendamos que visites el apartado \u201c<a href=\"https:\/\/cambiatusventanas.climalit.es\/#\/\">Cambia Tus Ventanas<\/a>\u201d de la web de CLIMALIT, donde podr\u00e1s obtener la composici\u00f3n m\u00e1s adecuada en funci\u00f3n de las necesidades de tu hogar.<\/p>\n<\/div>","protected":false},"excerpt":{"rendered":"<p>Se ha publicado las bases de las ayudas para las actuaciones de rehabilitaci\u00f3n energ\u00e9tica de edificios, del programa PREE 5000, en municipios de retos demogr\u00e1fico en Asturias. Desde CLIMALIT PLUS queremos daros m\u00e1s informaci\u00f3n sobre estas subvenciones. El plan est\u00e1&#8230;<\/p>\n","protected":false},"author":5,"featured_media":6256,"comment_status":"closed","ping_status":"closed","sticky":false,"template":"","format":"standard","meta":{"amp_status":""},"categories":[40],"tags":[],"acf":[],"_links":{"self":[{"href":"https:\/\/climalit.es\/blog\/wp-json\/wp\/v2\/posts\/6259"}],"collection":[{"href":"https:\/\/climalit.es\/blog\/wp-json\/wp\/v2\/posts"}],"about":[{"href":"https:\/\/climalit.es\/blog\/wp-json\/wp\/v2\/types\/post"}],"author":[{"embeddable":true,"href":"https:\/\/climalit.es\/blog\/wp-json\/wp\/v2\/users\/5"}],"replies":[{"embeddable":true,"href":"https:\/\/climalit.es\/blog\/wp-json\/wp\/v2\/comments?post=6259"}],"version-history":[{"count":1,"href":"https:\/\/climalit.es\/blog\/wp-json\/wp\/v2\/posts\/6259\/revisions"}],"predecessor-version":[{"id":6260,"href":"https:\/\/climalit.es\/blog\/wp-json\/wp\/v2\/posts\/6259\/revisions\/6260"}],"wp:featuredmedia":[{"embeddable":true,"href":"https:\/\/climalit.es\/blog\/wp-json\/wp\/v2\/media\/6256"}],"wp:attachment":[{"href":"https:\/\/climalit.es\/blog\/wp-json\/wp\/v2\/media?parent=6259"}],"wp:term":[{"taxonomy":"category","embeddable":true,"href":"https:\/\/climalit.es\/blog\/wp-json\/wp\/v2\/categories?post=6259"},{"taxonomy":"post_tag","embeddable":true,"href":"https:\/\/climalit.es\/blog\/wp-json\/wp\/v2\/tags?post=6259"}],"curies":[{"name":"wp","href":"https:\/\/api.w.org\/{rel}","templated":true}]}}