{"id":5972,"date":"2021-01-22T10:29:16","date_gmt":"2021-01-22T09:29:16","guid":{"rendered":"https:\/\/climalit.es\/blog\/?p=5972"},"modified":"2021-01-21T14:36:21","modified_gmt":"2021-01-21T13:36:21","slug":"subvenciones-para-actuaciones-de-rehabilitacion-energetica-de-edificios-en-las-islas-baleares","status":"publish","type":"post","link":"https:\/\/climalit.es\/blog\/subvenciones-para-actuaciones-de-rehabilitacion-energetica-de-edificios-en-las-islas-baleares\/","title":{"rendered":"Subvenciones para actuaciones de rehabilitaci\u00f3n energ\u00e9tica de edificios en las Islas Baleares"},"content":{"rendered":"<div class=\"bt_bb_wrapper\"><p>Os informamos de la publicaci\u00f3n el 22 de diciembre de 201 en el Bolet\u00edn Oficial de las Islas Baleares, por la que se convocan ayudas para actuaciones de rehabilitaci\u00f3n energ\u00e9tica en edificios existentes (PREE), en dicha Comunidad Aut\u00f3noma. Desde <a href=\"https:\/\/climalit.es\/beneficios\/\"><strong>CLIMALIT PLUS<\/strong><\/a> queremos daros m\u00e1s informaci\u00f3n sobre estas subvenciones.<\/p>\n<p>El objeto de las ayudas es incentivar actuaciones de rehabilitaci\u00f3n energ\u00e9tica en edificios existentes.<\/p>\n<p><strong>El plan est\u00e1 dirigido a:<\/strong><\/p>\n<p>a) Las personas f\u00edsicas o jur\u00eddicas de naturaleza privada o p\u00fablica que sean propietarias de edificios existentes destinados a cualquier uso y que est\u00e9n ubicados en las Islas Baleares.<\/p>\n<p>b) Las comunidades de propietarios o las agrupaciones de comunidades de propietarios de edificios residenciales de uso vivienda, constituidas conforme a lo dispuesto por el art\u00edculo 5 de la Ley 49\/1960, de 21 de julio, de Propiedad Horizontal.<\/p>\n<p>c) Los propietarios que de forma agrupada sean propietarios de edificios, que re\u00fanan los requisitos establecidos en el art\u00edculo 396 del C\u00f3digo Civil y no hubiesen otorgado el t\u00edtulo constitutivo de Propiedad Horizontal.<\/p>\n<p>d) Las empresas explotadoras, arrendatarias o concesionarias de edificios, que acrediten dicha condici\u00f3n mediante contrato vigente a largo plazo con la propiedad, que les otorgue facultad expresa para acometer las obras de reforma objeto de la actuaci\u00f3n a incluir en el Programa.<\/p>\n<p>e) Las empresas de servicios energ\u00e9ticos (ESEs), o proveedores de servicios energ\u00e9ticos definidas en el Real Decreto 56\/2016, de 12 de febrero.<\/p>\n<p>f) Las entidades locales y el sector p\u00fablico institucional de cualesquiera administraciones p\u00fablicas.<\/p>\n<p><strong>Las ayudas se destinar\u00e1n a:<\/strong><\/p>\n<p><strong>Opci\u00f3n A<\/strong>: edificios completos existentes anteriores a 2007 en uno o varios de los siguientes usos:<\/p>\n<p>&#8211; Edificios de vivienda unifamiliar.<\/p>\n<p>&#8211; Edificios de tipolog\u00eda residencial colectiva de vivienda.<\/p>\n<p>&#8211; Edificios de cualquier otro uso (administrativo, sanitario, docente, cultural, etc.) de los regulados por el art\u00edculo 2.1 de la Ley 38\/1999, de 5 de noviembre, de Ordenaci\u00f3n de la Edificaci\u00f3n (LOE).<\/p>\n<p>&nbsp;<\/p>\n<p><strong>Opci\u00f3n B:<\/strong> actuaciones sobre una o varias viviendas o locales del mismo edificio, consideradas individualmente o sobre partes de un edificio.<\/p>\n<p>Las actuaciones objeto de ayuda (entre ellas la mejora de la envolvente t\u00e9rmica) deben mejorar la calificaci\u00f3n energ\u00e9tica total del edificio en, al menos, una letra medida en la escala de emisiones de di\u00f3xido de carbono (kg CO2\/m2 a\u00f1o), con respecto a la calificaci\u00f3n energ\u00e9tica inicial del edificio. Adem\u00e1s, las actuaciones objeto de ayuda deben conseguir y justificar una reducci\u00f3n del consumo de energ\u00eda final de un 10 % respecto a la situaci\u00f3n de partida.<\/p>\n<p><strong>Las actuaciones subvencionables deben encajar en una o m\u00e1s de las siguientes tipolog\u00edas de mejora:<\/strong><\/p>\n<p>a) Mejora de la eficiencia energ\u00e9tica de la envolvente t\u00e9rmica.<\/p>\n<p>b) Mejora de la eficiencia energ\u00e9tica y uso de energ\u00edas renovables en las instalaciones t\u00e9rmicas de calefacci\u00f3n, climatizaci\u00f3n, refrigeraci\u00f3n, ventilaci\u00f3n y agua caliente sanitaria.<\/p>\n<p>c) Mejora de la eficiencia energ\u00e9tica de las instalaciones de iluminaci\u00f3n.<\/p>\n<p><strong>No ser\u00e1n actuaciones subvencionables:<\/strong><\/p>\n<p>Las realizadas en edificios de nueva construcci\u00f3n.<\/p>\n<p>Intervenciones en edificios existentes que supongan una ampliaci\u00f3n, en los que se incremente la superficie o volumen construido.<\/p>\n<p>Intervenciones en edificios existentes que conlleven un cambio de uso del edificio.<\/p>\n<p><img loading=\"lazy\" class=\"alignnone size-full wp-image-5974\" src=\"https:\/\/climalit.es\/blog\/wp-content\/uploads\/2021\/01\/Foto-2-1024-x-600.jpg\" alt=\"\" width=\"1024\" height=\"601\" srcset=\"https:\/\/climalit.es\/blog\/wp-content\/uploads\/2021\/01\/Foto-2-1024-x-600.jpg 1024w, https:\/\/climalit.es\/blog\/wp-content\/uploads\/2021\/01\/Foto-2-1024-x-600-640x376.jpg 640w, https:\/\/climalit.es\/blog\/wp-content\/uploads\/2021\/01\/Foto-2-1024-x-600-768x451.jpg 768w, https:\/\/climalit.es\/blog\/wp-content\/uploads\/2021\/01\/Foto-2-1024-x-600-320x188.jpg 320w\" sizes=\"(max-width: 1024px) 100vw, 1024px\" \/><\/p>\n<p><strong>Las solicitudes se podr\u00e1n presentar<\/strong> desde el 7 de enero de 2021 hasta el 30 de julio de 2021.<\/p>\n<p><strong>La dotaci\u00f3n presupuestaria<\/strong> del programa PREE para el caso de las Islas Baleares es de 5.990.000 \u20ac.<\/p>\n<p>Si est\u00e1s pensando en cambiar las ventanas de tu vivienda, te recomendamos que visites el apartado \u201c<a href=\"https:\/\/cambiatusventanas.climalit.es\/#\/\">Cambia Tus Ventanas<\/a>\u201d de la web de CLIMALIT, donde podr\u00e1s obtener la composici\u00f3n m\u00e1s adecuada en funci\u00f3n de las necesidades de tu hogar.<\/p>\n<\/div>","protected":false},"excerpt":{"rendered":"<p>Os informamos de la publicaci\u00f3n el 22 de diciembre de 201 en el Bolet\u00edn Oficial de las Islas Baleares, por la que se convocan ayudas para actuaciones de rehabilitaci\u00f3n energ\u00e9tica en edificios existentes (PREE), en dicha Comunidad Aut\u00f3noma. Desde CLIMALIT&#8230;<\/p>\n","protected":false},"author":5,"featured_media":5973,"comment_status":"closed","ping_status":"closed","sticky":false,"template":"","format":"standard","meta":{"amp_status":""},"categories":[40],"tags":[],"acf":[],"_links":{"self":[{"href":"https:\/\/climalit.es\/blog\/wp-json\/wp\/v2\/posts\/5972"}],"collection":[{"href":"https:\/\/climalit.es\/blog\/wp-json\/wp\/v2\/posts"}],"about":[{"href":"https:\/\/climalit.es\/blog\/wp-json\/wp\/v2\/types\/post"}],"author":[{"embeddable":true,"href":"https:\/\/climalit.es\/blog\/wp-json\/wp\/v2\/users\/5"}],"replies":[{"embeddable":true,"href":"https:\/\/climalit.es\/blog\/wp-json\/wp\/v2\/comments?post=5972"}],"version-history":[{"count":1,"href":"https:\/\/climalit.es\/blog\/wp-json\/wp\/v2\/posts\/5972\/revisions"}],"predecessor-version":[{"id":5975,"href":"https:\/\/climalit.es\/blog\/wp-json\/wp\/v2\/posts\/5972\/revisions\/5975"}],"wp:featuredmedia":[{"embeddable":true,"href":"https:\/\/climalit.es\/blog\/wp-json\/wp\/v2\/media\/5973"}],"wp:attachment":[{"href":"https:\/\/climalit.es\/blog\/wp-json\/wp\/v2\/media?parent=5972"}],"wp:term":[{"taxonomy":"category","embeddable":true,"href":"https:\/\/climalit.es\/blog\/wp-json\/wp\/v2\/categories?post=5972"},{"taxonomy":"post_tag","embeddable":true,"href":"https:\/\/climalit.es\/blog\/wp-json\/wp\/v2\/tags?post=5972"}],"curies":[{"name":"wp","href":"https:\/\/api.w.org\/{rel}","templated":true}]}}