{"id":5967,"date":"2021-01-15T09:40:59","date_gmt":"2021-01-15T08:40:59","guid":{"rendered":"https:\/\/climalit.es\/blog\/?p=5967"},"modified":"2021-01-12T09:58:33","modified_gmt":"2021-01-12T08:58:33","slug":"subvenciones-para-actuaciones-de-rehabilitacion-energetica-de-edificios-en-la-comunidad-valenciana","status":"publish","type":"post","link":"https:\/\/climalit.es\/blog\/subvenciones-para-actuaciones-de-rehabilitacion-energetica-de-edificios-en-la-comunidad-valenciana\/","title":{"rendered":"<b>SUBVENCIONES<\/b> <b>PARA<\/b> <b>ACTUACIONES<\/b> <b>DE<\/b> REHABILITACI\u00d3N ENERG\u00c9TICA <b>DE<\/b> <b>EDIFICIOS<\/b> <b>EN<\/b> <b>LA<\/b> <b>COMUNIDAD<\/b> <b>VALENCIANA<\/b>"},"content":{"rendered":"<div class=\"bt_bb_wrapper\"><p>Os informamos de la publicaci\u00f3n de la Resoluci\u00f3n de 10 de diciembre de 2020, del presidente del Instituto Valenciano de Competitividad Empresarial (IVACE), por la que se convocan ayudas para actuaciones de rehabilitaci\u00f3n energ\u00e9tica en edificios existentes (PREE), en la Comunidad Valenciana. Desde <a href=\"https:\/\/climalit.es\/beneficios\/\"><strong>CLIMALIT PLUS<\/strong><\/a> queremos daros m\u00e1s informaci\u00f3n sobre estas subvenciones.<\/p>\n<p>El objeto de las ayudas es incentivar actuaciones de rehabilitaci\u00f3n energ\u00e9tica en edificios existentes.<\/p>\n<p><strong>El plan est\u00e1 dirigido a:<\/strong><\/p>\n<p>a) Las personas f\u00edsicas o jur\u00eddicas de naturaleza privada o p\u00fablica que sean propietarias de edificios existentes destinados a cualquier uso.<\/p>\n<p>b) Las comunidades de propietarios o las agrupaciones de comunidades de propietarios de edificios residenciales de uso vivienda, constituidas conforme a lo dispuesto por el art\u00edculo 5 de la Ley 49\/1960, de 21 de julio, de Propiedad Horizontal.<\/p>\n<p>c) Los propietarios que de forma agrupada sean propietarios de edificios, que re\u00fanan los requisitos establecidos en el art\u00edculo 396 del C\u00f3digo Civil y no hubiesen otorgado el t\u00edtulo constitutivo de Propiedad Horizontal.<\/p>\n<p>d) Las empresas explotadoras, arrendatarias o concesionarias de edificios, que acrediten dicha condici\u00f3n mediante contrato vigente a largo plazo con la propiedad, que les otorgue facultad expresa para acometer las obras de reforma objeto de la actuaci\u00f3n a incluir en el Programa.<\/p>\n<p>e) Las empresas de servicios energ\u00e9ticos (ESEs), o proveedores de servicios energ\u00e9ticos definidas en el Real Decreto 56\/2016, de 12 de febrero.<\/p>\n<p>f) Las entidades locales y el sector p\u00fablico institucional de cualesquiera administraciones p\u00fablicas.<\/p>\n<p><strong>Las ayudas se destinar\u00e1n a:<\/strong><\/p>\n<p>-Edificios de vivienda unifamiliar.<\/p>\n<p>-Edificios de tipolog\u00eda residencial colectiva de vivienda.<\/p>\n<p>-Edificios de cualquier otro uso (administrativo, sanitario, docente, cultural, etc.) de los regulados por el art\u00edculo 2.1 de la Ley 38\/1999, de 5 de noviembre, de Ordenaci\u00f3n de la Edificaci\u00f3n (LOE).<\/p>\n<p>Las actuaciones subvencionables se podr\u00e1n encuadrar en una de las siguientes opciones:<\/p>\n<p>Opci\u00f3n A: Incentivos destinados a intervenciones en edificios completos existentes, incluidas las viviendas unifamiliares.<\/p>\n<p>Opci\u00f3n B: Incentivos destinados a intervenciones sobre una o varias viviendas o locales del mismo edificio, consideradas individualmente o como partes de un edificio existente.<\/p>\n<p>Las actuaciones objeto de ayuda\u00a0deben justificar una reducci\u00f3n del consumo de energ\u00eda final de un 10% con respecto a su situaci\u00f3n de partida. Adem\u00e1s, deben\u00a0mejorar la calificaci\u00f3n energ\u00e9tica total del edificio en, al menos, una letra medida en la escala de emisiones de di\u00f3xido de carbono\u00a0(kg CO2\u00a0\/m2\u00a0a\u00f1o), con respecto a la calificaci\u00f3n energ\u00e9tica inicial del edificio.<\/p>\n<p><img loading=\"lazy\" class=\"alignnone size-full wp-image-5969\" src=\"https:\/\/climalit.es\/blog\/wp-content\/uploads\/2021\/01\/Foto-2-1024x600-4.jpg\" alt=\"\" width=\"1024\" height=\"603\" srcset=\"https:\/\/climalit.es\/blog\/wp-content\/uploads\/2021\/01\/Foto-2-1024x600-4.jpg 1024w, https:\/\/climalit.es\/blog\/wp-content\/uploads\/2021\/01\/Foto-2-1024x600-4-640x377.jpg 640w, https:\/\/climalit.es\/blog\/wp-content\/uploads\/2021\/01\/Foto-2-1024x600-4-768x452.jpg 768w, https:\/\/climalit.es\/blog\/wp-content\/uploads\/2021\/01\/Foto-2-1024x600-4-320x188.jpg 320w\" sizes=\"(max-width: 1024px) 100vw, 1024px\" \/><\/p>\n<p><strong>Las solicitudes se podr\u00e1n presentar<\/strong> desde el 17 de diciembre de 2020 de 2020 hasta el 31 de julio de 2021.<\/p>\n<p><strong>La dotaci\u00f3n presupuestaria<\/strong> del programa PREE para el caso de la Comunidad Valenciana es de 25.900.000 \u20ac.<\/p>\n<p>Para m\u00e1s informaci\u00f3n:<\/p>\n<p><a href=\"https:\/\/urldefense.proofpoint.com\/v2\/url?u=https-3A__www.ivace.es_index.php_es_ayudas_energia_ayudas-2Dahorro-2Dy-2Deficiencia-2Denergetica-2Dy-2Denergias-2Drenovables-2D2020_54509-2Dayudas-2Drehabilitacion-2Denergetica-2Den-2Dedificios-2Dexistentes&amp;d=DwMFAw&amp;c=tkg6qBpVKaymQv9tTEpyCv5e23C4oKrSdZwjE7Q68Ts&amp;r=N9J1L-MoQlqRsPreLqVGJ_E9eiCe-owZqKhR8qUr594&amp;m=aUp90bIsAn0XGaGYxSBWwBEcQZ-U8LWTS4efpPWCW-U&amp;s=cqA6u_nrh0A9ctAp7X_u8ZlEUOf-npdCO3zbVTcr5mE&amp;e=\">https:\/\/www.ivace.es\/index.php\/es\/ayudas\/energia\/ayudas-ahorro-y-eficiencia-energetica-y-energias-renovables-2020\/54509-ayudas-rehabilitacion-energetica-en-edificios-existentes<\/a><\/p>\n<p><a href=\"https:\/\/urldefense.proofpoint.com\/v2\/url?u=http-3A__www.dogv.gva.es_datos_2020_12_15_pdf_2020-5F10707.pdf&amp;d=DwMFAw&amp;c=tkg6qBpVKaymQv9tTEpyCv5e23C4oKrSdZwjE7Q68Ts&amp;r=N9J1L-MoQlqRsPreLqVGJ_E9eiCe-owZqKhR8qUr594&amp;m=aUp90bIsAn0XGaGYxSBWwBEcQZ-U8LWTS4efpPWCW-U&amp;s=uXSPWgWfx4LnEE84eprniGEZcqTuZntdbdjJcmkttjQ&amp;e=\">http:\/\/www.dogv.gva.es\/datos\/2020\/12\/15\/pdf\/2020_10707.pdf<\/a><\/p>\n<p>Si est\u00e1s pensando en cambiar las ventanas de tu vivienda, te recomendamos que visites el apartado \u201c<a href=\"https:\/\/cambiatusventanas.climalit.es\/#\/\">Cambia Tus Ventanas<\/a>\u201d de la web de CLIMALIT, donde podr\u00e1s obtener la composici\u00f3n m\u00e1s adecuada en funci\u00f3n de las necesidades de tu hogar.<\/p>\n<\/div>","protected":false},"excerpt":{"rendered":"<p>Os informamos de la publicaci\u00f3n de la Resoluci\u00f3n de 10 de diciembre de 2020, del presidente del Instituto Valenciano de Competitividad Empresarial (IVACE), por la que se convocan ayudas para actuaciones de rehabilitaci\u00f3n energ\u00e9tica en edificios existentes (PREE), en la&#8230;<\/p>\n","protected":false},"author":5,"featured_media":5968,"comment_status":"closed","ping_status":"closed","sticky":false,"template":"","format":"standard","meta":{"amp_status":""},"categories":[40],"tags":[],"acf":[],"_links":{"self":[{"href":"https:\/\/climalit.es\/blog\/wp-json\/wp\/v2\/posts\/5967"}],"collection":[{"href":"https:\/\/climalit.es\/blog\/wp-json\/wp\/v2\/posts"}],"about":[{"href":"https:\/\/climalit.es\/blog\/wp-json\/wp\/v2\/types\/post"}],"author":[{"embeddable":true,"href":"https:\/\/climalit.es\/blog\/wp-json\/wp\/v2\/users\/5"}],"replies":[{"embeddable":true,"href":"https:\/\/climalit.es\/blog\/wp-json\/wp\/v2\/comments?post=5967"}],"version-history":[{"count":1,"href":"https:\/\/climalit.es\/blog\/wp-json\/wp\/v2\/posts\/5967\/revisions"}],"predecessor-version":[{"id":5970,"href":"https:\/\/climalit.es\/blog\/wp-json\/wp\/v2\/posts\/5967\/revisions\/5970"}],"wp:featuredmedia":[{"embeddable":true,"href":"https:\/\/climalit.es\/blog\/wp-json\/wp\/v2\/media\/5968"}],"wp:attachment":[{"href":"https:\/\/climalit.es\/blog\/wp-json\/wp\/v2\/media?parent=5967"}],"wp:term":[{"taxonomy":"category","embeddable":true,"href":"https:\/\/climalit.es\/blog\/wp-json\/wp\/v2\/categories?post=5967"},{"taxonomy":"post_tag","embeddable":true,"href":"https:\/\/climalit.es\/blog\/wp-json\/wp\/v2\/tags?post=5967"}],"curies":[{"name":"wp","href":"https:\/\/api.w.org\/{rel}","templated":true}]}}