{"id":5915,"date":"2020-11-20T12:25:39","date_gmt":"2020-11-20T11:25:39","guid":{"rendered":"https:\/\/climalit.es\/blog\/?p=5915"},"modified":"2020-11-24T13:34:07","modified_gmt":"2020-11-24T12:34:07","slug":"subvenciones-para-actuaciones-de-rehabilitacion-energetica-de-edificios-en-cantabria","status":"publish","type":"post","link":"https:\/\/climalit.es\/blog\/subvenciones-para-actuaciones-de-rehabilitacion-energetica-de-edificios-en-cantabria\/","title":{"rendered":"<b>SUBVENCIONES<\/b> <b>PARA<\/b> <b>ACTUACIONES<\/b> <b>DE<\/b> REHABILITACI\u00d3N ENERG\u00c9TICA <b>DE<\/b> <b>EDIFICIOS<\/b> <b>EN<\/b> <b>CANTABRIA<\/b>"},"content":{"rendered":"<div class=\"bt_bb_wrapper\"><p>Se ha publicado las bases de las ayudas para las actuaciones de rehabilitaci\u00f3n energ\u00e9tica de edificios, del programa PREE, en Cantabria. Desde <a href=\"https:\/\/climalit.es\/beneficios\/\"><strong>CLIMALIT PLUS<\/strong><\/a> queremos daros m\u00e1s informaci\u00f3n sobre estas subvenciones.<\/p>\n<p>El objeto de las ayudas es la concesi\u00f3n de subvenciones a la realizaci\u00f3n de actuaciones de reforma de edificios existentes, con independencia de su uso y de la naturaleza jur\u00eddica de sus titulares.<\/p>\n<p><strong>El plan est\u00e1 dirigido a:<\/strong><\/p>\n<ol>\n<li>a) Las personas f\u00edsicas o jur\u00eddicas de naturaleza privada o p\u00fablica que sean propietarias de edificios existentes destinados a cualquier uso.<\/li>\n<li>b) Las comunidades de propietarios o las agrupaciones de comunidades de propietarios de edificios residenciales de uso vivienda, constituidas conforme a lo dispuesto por el art\u00edculo 5 de la Ley 49\/1960, de 21 de julio, de Propiedad Horizontal.<\/li>\n<li>c) Los propietarios que de forma agrupada sean propietarios de edificios, que re\u00fanan los requisitos establecidos en el art\u00edculo 396 del C\u00f3digo Civil y no hubiesen otorgado el t\u00edtulo constitutivo de Propiedad Horizontal.<\/li>\n<li>d) Las empresas explotadoras, arrendatarias o concesionarias de edificios, que acrediten dicha condici\u00f3n mediante contrato vigente a largo plazo con la propiedad, que les otorgue facultad expresa para acometer las obras de reforma objeto de la actuaci\u00f3n a incluir en el Programa.<\/li>\n<li>e) Las empresas de servicios energ\u00e9ticos (ESEs), o proveedores de servicios energ\u00e9ticos definidas en el Real Decreto 56\/2016, de 12 de febrero.<\/li>\n<li>f) Las entidades locales y el sector p\u00fablico institucional de cualesquiera administraciones p\u00fablicas.<\/li>\n<li>g) Las comunidades de energ\u00edas renovables y las comunidades ciudadanas de energ\u00eda.<\/li>\n<li>h) Los ayuntamientos, las mancomunidades o agrupaciones de municipios, la administraci\u00f3n de la Comunidad Aut\u00f3noma de Cantabria, y cualesquiera organismos p\u00fablicos y entidades, podr\u00e1n actuar en representaci\u00f3n de comunidades de propietarios u otros propietarios de edificios para promover y gestionar la realizaci\u00f3n de actuaciones de rehabilitaci\u00f3n energ\u00e9tica.<\/li>\n<\/ol>\n<p>Ser\u00e1n actuaciones subvencionables:<\/p>\n<ol>\n<li>a) Mejora de la eficiencia energ\u00e9tica de la envolvente t\u00e9rmica.<\/li>\n<li>b) Mejora de la eficiencia energ\u00e9tica y uso de energ\u00edas renovables en las instalaciones t\u00e9rmicas de calefacci\u00f3n, climatizaci\u00f3n, refrigeraci\u00f3n, ventilaci\u00f3n y agua caliente sanitaria.<\/li>\n<li>c) Mejora de la eficiencia energ\u00e9tica de las instalaciones de iluminaci\u00f3n.<\/li>\n<\/ol>\n<p>El edificio debe ser existente y construido con anterioridad a 2007.<\/p>\n<p><img loading=\"lazy\" class=\"alignnone size-full wp-image-5917\" src=\"https:\/\/climalit.es\/blog\/wp-content\/uploads\/2020\/11\/Foto-2-1024x600-3.jpg\" alt=\"\" width=\"1024\" height=\"600\" srcset=\"https:\/\/climalit.es\/blog\/wp-content\/uploads\/2020\/11\/Foto-2-1024x600-3.jpg 1024w, https:\/\/climalit.es\/blog\/wp-content\/uploads\/2020\/11\/Foto-2-1024x600-3-640x375.jpg 640w, https:\/\/climalit.es\/blog\/wp-content\/uploads\/2020\/11\/Foto-2-1024x600-3-768x450.jpg 768w, https:\/\/climalit.es\/blog\/wp-content\/uploads\/2020\/11\/Foto-2-1024x600-3-320x188.jpg 320w\" sizes=\"(max-width: 1024px) 100vw, 1024px\" \/><\/p>\n<p><strong>Las solicitudes se podr\u00e1n presentar<\/strong> desde el 5 de noviembre de 2020 hasta el 31 de julio de 2021.<\/p>\n<p><strong>La dotaci\u00f3n presupuestaria<\/strong> del programa PREE para el caso de Cantabria es de 3.927.000 \u20ac.<\/p>\n<p>Para m\u00e1s informaci\u00f3n:<\/p>\n<p><a href=\"https:\/\/boc.cantabria.es\/boces\/verAnuncioAction.do?idAnuBlob=355268\">https:\/\/boc.cantabria.es\/boces\/verAnuncioAction.do?idAnuBlob=355268<\/a><\/p>\n<p>Si est\u00e1s pensando en cambiar las ventanas de tu vivienda, te recomendamos que visites el apartado \u201c<a href=\"https:\/\/cambiatusventanas.climalit.es\/#\/\">Cambia Tus Ventanas<\/a>\u201d de la web de CLIMALIT, donde podr\u00e1s obtener la composici\u00f3n m\u00e1s adecuada en funci\u00f3n de las necesidades de tu hogar.<\/p>\n<\/div>","protected":false},"excerpt":{"rendered":"<p>Se ha publicado las bases de las ayudas para las actuaciones de rehabilitaci\u00f3n energ\u00e9tica de edificios, del programa PREE, en Cantabria. Desde CLIMALIT PLUS queremos daros m\u00e1s informaci\u00f3n sobre estas subvenciones. El objeto de las ayudas es la concesi\u00f3n de&#8230;<\/p>\n","protected":false},"author":5,"featured_media":5916,"comment_status":"closed","ping_status":"closed","sticky":false,"template":"","format":"standard","meta":{"amp_status":""},"categories":[40],"tags":[],"acf":[],"_links":{"self":[{"href":"https:\/\/climalit.es\/blog\/wp-json\/wp\/v2\/posts\/5915"}],"collection":[{"href":"https:\/\/climalit.es\/blog\/wp-json\/wp\/v2\/posts"}],"about":[{"href":"https:\/\/climalit.es\/blog\/wp-json\/wp\/v2\/types\/post"}],"author":[{"embeddable":true,"href":"https:\/\/climalit.es\/blog\/wp-json\/wp\/v2\/users\/5"}],"replies":[{"embeddable":true,"href":"https:\/\/climalit.es\/blog\/wp-json\/wp\/v2\/comments?post=5915"}],"version-history":[{"count":2,"href":"https:\/\/climalit.es\/blog\/wp-json\/wp\/v2\/posts\/5915\/revisions"}],"predecessor-version":[{"id":5924,"href":"https:\/\/climalit.es\/blog\/wp-json\/wp\/v2\/posts\/5915\/revisions\/5924"}],"wp:featuredmedia":[{"embeddable":true,"href":"https:\/\/climalit.es\/blog\/wp-json\/wp\/v2\/media\/5916"}],"wp:attachment":[{"href":"https:\/\/climalit.es\/blog\/wp-json\/wp\/v2\/media?parent=5915"}],"wp:term":[{"taxonomy":"category","embeddable":true,"href":"https:\/\/climalit.es\/blog\/wp-json\/wp\/v2\/categories?post=5915"},{"taxonomy":"post_tag","embeddable":true,"href":"https:\/\/climalit.es\/blog\/wp-json\/wp\/v2\/tags?post=5915"}],"curies":[{"name":"wp","href":"https:\/\/api.w.org\/{rel}","templated":true}]}}