{"id":5808,"date":"2020-09-04T10:43:16","date_gmt":"2020-09-04T08:43:16","guid":{"rendered":"https:\/\/climalit.es\/blog\/?p=5808"},"modified":"2020-09-04T10:46:58","modified_gmt":"2020-09-04T08:46:58","slug":"ayudas-para-la-rehabilitacion-de-viviendas-en-valladolid","status":"publish","type":"post","link":"https:\/\/climalit.es\/blog\/ayudas-para-la-rehabilitacion-de-viviendas-en-valladolid\/","title":{"rendered":"Ayudas para la rehabilitaci\u00f3n de viviendas en Valladolid"},"content":{"rendered":"<div class=\"bt_bb_wrapper\"><p>El Ayuntamiento de Valladolid, a trav\u00e9s de la Sociedad Municipal de Suelo y Vivienda de Valladolid, SLMP, ha <strong>desarrollado un programa de ayudas que se destinar\u00e1<\/strong> al fomento de la rehabilitaci\u00f3n de edificios de tipolog\u00eda residencial colectiva y viviendas unifamiliares en el \u00e1mbito del municipio de Valladolid, contribuyendo a financiar las actuaciones que, resulten necesarias para subsanarlas y mejorar sus condiciones de eficiencia energ\u00e9tica y favorezcan la reducci\u00f3n de la huella de carbono, causada por el consumo de energ\u00eda. Desde <span style=\"color: #0000ff;\"><a style=\"color: #0000ff;\" href=\"https:\/\/climalit.es\/beneficios\/\">CLIMALIT PLUS<\/a><\/span> queremos daros m\u00e1s informaci\u00f3n sobre estas subvenciones.<\/p>\n<p>El plan est\u00e1 dirigido exclusivamente a comunidades de propietarios, agrupaciones de comunidades de propietarios, o los propietarios \u00fanicos de edificios de viviendas que tengan personalidad jur\u00eddica de naturaleza privada, as\u00ed como las personas f\u00edsicas que sean propietarias de viviendas unifamiliares.<\/p>\n<p>Para acceder a la subvenci\u00f3n, los edificios deben cumplir los siguientes requisitos: radicar en el municipio de Valladolid, construidos antes de 1996, no estar calificados urban\u00edsticamente como fuera de ordenaci\u00f3n, presentar unas condiciones de seguridad estructural y constructiva que garanticen la viabilidad de la intervenci\u00f3n y disponer de un informe t\u00e9cnico suscrito por t\u00e9cnico competente.<\/p>\n<p>&nbsp;<\/p>\n<p><img loading=\"lazy\" class=\"size-full wp-image-5810 aligncenter\" src=\"https:\/\/climalit.es\/blog\/wp-content\/uploads\/2020\/09\/Foto-1.2-1024x600-1.jpg\" alt=\"\" width=\"1024\" height=\"600\" srcset=\"https:\/\/climalit.es\/blog\/wp-content\/uploads\/2020\/09\/Foto-1.2-1024x600-1.jpg 1024w, https:\/\/climalit.es\/blog\/wp-content\/uploads\/2020\/09\/Foto-1.2-1024x600-1-640x375.jpg 640w, https:\/\/climalit.es\/blog\/wp-content\/uploads\/2020\/09\/Foto-1.2-1024x600-1-768x450.jpg 768w, https:\/\/climalit.es\/blog\/wp-content\/uploads\/2020\/09\/Foto-1.2-1024x600-1-320x188.jpg 320w\" sizes=\"(max-width: 1024px) 100vw, 1024px\" \/><\/p>\n<p>&nbsp;<\/p>\n<p>A continuaci\u00f3n, los aspectos m\u00e1s relevantes de la ayuda:<\/p>\n<p><strong>1.- Actuaciones y costes subvencionables: <\/strong>la mejora de la envolvente t\u00e9rmica de la vivienda para reducir su demanda energ\u00e9tica de calefacci\u00f3n o refrigeraci\u00f3n, mediante actuaciones de mejora de su aislamiento t\u00e9rmico, la sustituci\u00f3n de carpinter\u00edas y acristalamientos de los huecos, el cerramiento o acristalamiento de las terrazas ya techadas u otras, incluyendo la instalaci\u00f3n de dispositivos bioclim\u00e1ticos y de sombreamiento.<\/p>\n<p><strong>2.- Cobertura de la ayuda o subvenci\u00f3n: <\/strong>La cuant\u00eda m\u00e1xima de la subvenci\u00f3n se calcular\u00e1, partiendo del presupuesto subvencionable, conforme a lo previsto en esta cl\u00e1usula, sin que, en ning\u00fan caso, pueda superarse por solicitud:<\/p>\n<ul>\n<li>a. El 50% del presupuesto subvencionable con una cuant\u00eda m\u00e1xima de 100.000 euros.<\/li>\n<li>b. 8.000 euros por cada vivienda ubicada en edifico de residencial colectivo y 60 euros por cada metro cuadrado de superficie construida de otro uso no residencial o local comercial.<\/li>\n<li>c. 10.000 euros por cada edificio de vivienda unifamiliar<\/li>\n<\/ul>\n<p>La cuant\u00eda m\u00e1xima de las subvenciones se determinar\u00e1 en funci\u00f3n del coste total de la actuaci\u00f3n subvencionable y del n\u00famero de elementos computables de conformidad con el p\u00e1rrafo anterior.<\/p>\n<p><strong>3.- Plazo de presentaci\u00f3n de solicitudes<\/strong>: comienza el d\u00eda siguiente al de la publicaci\u00f3n en el Bolet\u00edn Oficial del extracto previsto en el art\u00edculo 20.8.a) de la Ley 38\/2003, de 17 de noviembre, General de Subvenciones, finalizando a las catorce horas y treinta minutos del d\u00eda 30 de octubre de 2020.<\/p>\n<p>Las ayudas se solicitar\u00e1n por registro electr\u00f3nico municipal o de forma presencial en las oficinas de la Sociedad Municipal de Suelo y Vivienda de Valladolid, SLMP, sitas en la Plaza de la Rinconada n\u00ba 5, bajo; 47001 Valladolid.<\/p>\n<p>Para m\u00e1s informaci\u00f3n: <span style=\"color: #0000ff;\"><a style=\"color: #0000ff;\" href=\"https:\/\/bit.ly\/2GmdJjC\">https:\/\/bit.ly\/2GmdJjC<\/a><\/span><\/p>\n<p>Si est\u00e1s pensando en cambiar las ventanas de tu vivienda, te recomendamos que visites el apartado \u201c<span style=\"color: #0000ff;\"><a style=\"color: #0000ff;\" href=\"https:\/\/cambiatusventanas.climalit.es\/#\/\">Cambia Tus Ventanas<\/a><\/span>\u201d de la web de CLIMALIT, donde podr\u00e1s obtener la composici\u00f3n m\u00e1s adecuada en funci\u00f3n de las necesidades de tu hogar.<\/p>\n<p>&nbsp;<\/p>\n<p>&nbsp;<\/p>\n<\/div>","protected":false},"excerpt":{"rendered":"<p>El Ayuntamiento de Valladolid, a trav\u00e9s de la Sociedad Municipal de Suelo y Vivienda de Valladolid, SLMP, ha desarrollado un programa de ayudas que se destinar\u00e1 al fomento de la rehabilitaci\u00f3n de edificios de tipolog\u00eda residencial colectiva y viviendas unifamiliares&#8230;<\/p>\n","protected":false},"author":5,"featured_media":5809,"comment_status":"closed","ping_status":"closed","sticky":false,"template":"","format":"standard","meta":{"amp_status":""},"categories":[40],"tags":[],"acf":[],"_links":{"self":[{"href":"https:\/\/climalit.es\/blog\/wp-json\/wp\/v2\/posts\/5808"}],"collection":[{"href":"https:\/\/climalit.es\/blog\/wp-json\/wp\/v2\/posts"}],"about":[{"href":"https:\/\/climalit.es\/blog\/wp-json\/wp\/v2\/types\/post"}],"author":[{"embeddable":true,"href":"https:\/\/climalit.es\/blog\/wp-json\/wp\/v2\/users\/5"}],"replies":[{"embeddable":true,"href":"https:\/\/climalit.es\/blog\/wp-json\/wp\/v2\/comments?post=5808"}],"version-history":[{"count":3,"href":"https:\/\/climalit.es\/blog\/wp-json\/wp\/v2\/posts\/5808\/revisions"}],"predecessor-version":[{"id":5813,"href":"https:\/\/climalit.es\/blog\/wp-json\/wp\/v2\/posts\/5808\/revisions\/5813"}],"wp:featuredmedia":[{"embeddable":true,"href":"https:\/\/climalit.es\/blog\/wp-json\/wp\/v2\/media\/5809"}],"wp:attachment":[{"href":"https:\/\/climalit.es\/blog\/wp-json\/wp\/v2\/media?parent=5808"}],"wp:term":[{"taxonomy":"category","embeddable":true,"href":"https:\/\/climalit.es\/blog\/wp-json\/wp\/v2\/categories?post=5808"},{"taxonomy":"post_tag","embeddable":true,"href":"https:\/\/climalit.es\/blog\/wp-json\/wp\/v2\/tags?post=5808"}],"curies":[{"name":"wp","href":"https:\/\/api.w.org\/{rel}","templated":true}]}}