{"id":5788,"date":"2020-08-21T09:38:06","date_gmt":"2020-08-21T07:38:06","guid":{"rendered":"https:\/\/climalit.es\/blog\/?p=5788"},"modified":"2020-07-30T09:39:52","modified_gmt":"2020-07-30T07:39:52","slug":"plan-renove-ventanas-aragon","status":"publish","type":"post","link":"https:\/\/climalit.es\/blog\/plan-renove-ventanas-aragon\/","title":{"rendered":"Plan Renove Ventanas Arag\u00f3n"},"content":{"rendered":"<div class=\"bt_bb_wrapper\"><p>El 20 de julio en el bolet\u00edn oficial de Arag\u00f3n se convocaron las ayudas del <strong>Plan Renove de Ventanas 2020<\/strong>, en materia de rehabilitaci\u00f3n de viviendas, destinadas a la sustituci\u00f3n de ventanas.<\/p>\n<p><strong>Se trata de un programa de subvenciones<\/strong> de las obras de rehabilitaci\u00f3n energ\u00e9tica de viviendas individuales (unifamiliares y pisos) ubicados en el \u00e1mbito territorial de la Comunidad Aut\u00f3noma de Arag\u00f3n, consistentes en el cambio de ventanas de cerramientos exteriores, respondiendo a la doble finalidad de sustituir ventanas que no cumplen las condiciones de conservaci\u00f3n ni son eficientes, por otras nuevas que cumplan la normativa y que mejorar\u00e1n las condiciones de eficiencia energ\u00e9tica de la vivienda.<\/p>\n<p><strong>El plan est\u00e1 dirigido a<\/strong> los propietarios, inquilinos o usufructuarios de viviendas familiares, que constituyan su residencia habitual y permanente, situadas en territorio de la Comunidad Aut\u00f3noma de Arag\u00f3n. Se deber\u00e1 cumplir el requisito de que se destine a vivienda durante los 10 a\u00f1os posteriores a la rehabilitaci\u00f3n actual. Los inquilinos y\/o usufructuarios de las viviendas podr\u00e1n adquirir la condici\u00f3n de beneficiarios cuando sean ellos quienes costeen las obras, por acuerdo expreso con el propietario de la vivienda.<\/p>\n<p>Los aspectos fundamentales de este Plan Renove son los siguientes:<\/p>\n<p><strong>1.- Actuaciones y costes subvencionables.<\/strong><\/p>\n<p>&#8211; Desmontaje y retirada a vertedero de las ventanas que se sustituyen.<\/p>\n<p>&#8211; Instalaci\u00f3n de las nuevas ventanas.<\/p>\n<p>&#8211; Ventanas, incluyendo carpinter\u00eda (marco y premarco) y acristalamiento.<\/p>\n<p>&#8211; Persianas: tanto independientes de la ventana como incorporadas a la carpinter\u00eda de la misma, tipo monoblock, pero solo cuando incluyan aislamiento en el caj\u00f3n y en la propia persiana.<\/p>\n<p>Las ventanas tendr\u00e1n que tener las siguientes caracter\u00edsticas t\u00e9cnicas:<\/p>\n<ol>\n<li>a) Las nuevas ventanas deber\u00e1n contar con marcado CE.<\/li>\n<li>b) Ser\u00e1n de clase 2 o superior, seg\u00fan la norma UNE-EN 12207, con una permeabilidad al aire \u2264 27 m\u00b3\/h.m\u00b2 a 100 Pascales.<\/li>\n<li>c) Las caracter\u00edsticas t\u00e9rmicas de las ventanas tendr\u00e1n que ser unas determinadas dependiendo de la zona clim\u00e1tica en que se encuentre la vivienda.<\/li>\n<\/ol>\n<p><strong>No ser\u00e1n subvencionables los siguientes casos:<\/strong><\/p>\n<p>&#8211; Ventanas de trasteros, garajes ni de otros recintos anexos a la vivienda ni de cualquier otro tipo de estancias no habitables.<\/p>\n<p>&#8211; Cerramientos exteriores de los recintos de terrazas o balcones que supongan un aumento de la superficie \u00fatil de la vivienda.<\/p>\n<p>&#8211; Las ventanas o acristalamientos situados entre espacios interiores de la vivienda, o de separaci\u00f3n con elementos comunes como escaleras, pasillos o locales.<\/p>\n<p>&#8211; La sustituci\u00f3n parcial de elementos de la ventana, como los vidrios, los marcos o las persianas.<\/p>\n<p>&#8211; Otro tipo de elementos independientes de la ventana, como contraventanas, toldos, estores ni ning\u00fan otro elemento de protecci\u00f3n solar, diferentes de las persianas.<\/p>\n<p>&#8211; Obras de alba\u00f1iler\u00eda o instalaciones no relacionadas con la instalaci\u00f3n de la ventana. Tampoco la pintura ni otros trabajos auxiliares.<\/p>\n<p><strong>2.- Cobertura de la ayuda o subvenci\u00f3n<\/strong>: la cuant\u00eda m\u00e1xima de la subvenci\u00f3n ser\u00e1 de 3.000 \u20ac por vivienda, sin superar el 30 % del coste subvencionable.<\/p>\n<p><strong>3.- Dotaci\u00f3n de la convocatoria:<\/strong> La dotaci\u00f3n presupuestaria para esta convocatoria ser\u00e1 de:<\/p>\n<ul>\n<li>Zaragoza: presupuesto disponible 000 \u20ac.<\/li>\n<li>Huesca: presupuesto disponible 000 \u20ac.<\/li>\n<li>Teruel: presupuesto disponible 000 \u20ac.<\/li>\n<\/ul>\n<p><strong>4.- Plazo de presentaci\u00f3n de solicitudes:<\/strong> se iniciar\u00e1 a las 8:00 horas del 29 de julio de 2020 y concluir\u00e1:<\/p>\n<ol start=\"59\">\n<li>Solicitudes presentadas de forma telem\u00e1tica: mi\u00e9rcoles 30 de septiembre a las 23:59.<\/li>\n<li>Solicitudes presentadas de forma presencial: el jueves 1 de octubre a las 14:00 horas.<\/li>\n<\/ol>\n<p>Para m\u00e1s informaci\u00f3n, puedes consultar el Bolet\u00edn Oficial de Arag\u00f3n.<\/p>\n<p>Si est\u00e1s pensando en cambiar las ventanas de tu vivienda, te recomendamos que visites el apartado \u201c<a href=\"https:\/\/cambiatusventanas.climalit.es\/#\/\">Cambia Tus Ventanas<\/a>\u201d de la web de CLIMALIT, donde podr\u00e1s obtener la composici\u00f3n m\u00e1s adecuada en funci\u00f3n de las necesidades de tu hogar.<\/p>\n<\/div>","protected":false},"excerpt":{"rendered":"<p>El 20 de julio en el bolet\u00edn oficial de Arag\u00f3n se convocaron las ayudas del Plan Renove de Ventanas 2020, en materia de rehabilitaci\u00f3n de viviendas, destinadas a la sustituci\u00f3n de ventanas. Se trata de un programa de subvenciones de&#8230;<\/p>\n","protected":false},"author":5,"featured_media":5790,"comment_status":"closed","ping_status":"closed","sticky":false,"template":"","format":"standard","meta":{"amp_status":""},"categories":[40],"tags":[252,461,336],"acf":[],"_links":{"self":[{"href":"https:\/\/climalit.es\/blog\/wp-json\/wp\/v2\/posts\/5788"}],"collection":[{"href":"https:\/\/climalit.es\/blog\/wp-json\/wp\/v2\/posts"}],"about":[{"href":"https:\/\/climalit.es\/blog\/wp-json\/wp\/v2\/types\/post"}],"author":[{"embeddable":true,"href":"https:\/\/climalit.es\/blog\/wp-json\/wp\/v2\/users\/5"}],"replies":[{"embeddable":true,"href":"https:\/\/climalit.es\/blog\/wp-json\/wp\/v2\/comments?post=5788"}],"version-history":[{"count":2,"href":"https:\/\/climalit.es\/blog\/wp-json\/wp\/v2\/posts\/5788\/revisions"}],"predecessor-version":[{"id":5791,"href":"https:\/\/climalit.es\/blog\/wp-json\/wp\/v2\/posts\/5788\/revisions\/5791"}],"wp:featuredmedia":[{"embeddable":true,"href":"https:\/\/climalit.es\/blog\/wp-json\/wp\/v2\/media\/5790"}],"wp:attachment":[{"href":"https:\/\/climalit.es\/blog\/wp-json\/wp\/v2\/media?parent=5788"}],"wp:term":[{"taxonomy":"category","embeddable":true,"href":"https:\/\/climalit.es\/blog\/wp-json\/wp\/v2\/categories?post=5788"},{"taxonomy":"post_tag","embeddable":true,"href":"https:\/\/climalit.es\/blog\/wp-json\/wp\/v2\/tags?post=5788"}],"curies":[{"name":"wp","href":"https:\/\/api.w.org\/{rel}","templated":true}]}}