{"id":5586,"date":"2020-03-20T10:00:00","date_gmt":"2020-03-20T09:00:00","guid":{"rendered":"https:\/\/climalit.es\/blog\/?p=5586"},"modified":"2020-03-20T11:19:11","modified_gmt":"2020-03-20T10:19:11","slug":"que-es-el-calcin","status":"publish","type":"post","link":"https:\/\/climalit.es\/blog\/que-es-el-calcin\/","title":{"rendered":"\u00bfQu\u00e9 es el calc\u00edn?"},"content":{"rendered":"<div class=\"bt_bb_wrapper\"><p>Probablemente sepamos mucho sobre el reciclaje, el cuidado del medioambiente, la huella de carbono o la econom\u00eda circular. Sin embargo, la mayor\u00eda de la gente no sabr\u00e1 <strong>qu\u00e9 es el calc\u00edn<\/strong> ni su relevancia.<\/p>\n<p>El calc\u00edn es el vidrio reciclado. Puede que muchas personas no sepan el gran abanico de posibilidades que ofrece el vidrio, pero una de ellas es su capacidad para ser reciclado infinidad de veces sin generar pr\u00e1cticamente deshechos. Por esta raz\u00f3n, desde<span style=\"color: #3366ff;\"> <a style=\"color: #3366ff;\" href=\"https:\/\/climalit.es\/beneficios\/\">Climalit<\/a><\/span> queremos contaros todas las ventajas que posee este material y de lo beneficioso que es utilizarlo para cuidar del medioambiente.<\/p>\n<p>La principal ventaja de que el vidrio pueda ser reciclado es que <strong>evita la extracci\u00f3n de otras materias primas de la naturaleza<\/strong>. Asimismo, tambi\u00e9n permite generar menos deshechos, ya que todos los envases o todos los productos hechos con vidrio pueden tener una segunda vida, generando as\u00ed menos basura.<\/p>\n<p>&nbsp;<\/p>\n<p><img loading=\"lazy\" class=\"aligncenter wp-image-5588 size-full\" src=\"https:\/\/climalit.es\/blog\/wp-content\/uploads\/2020\/03\/que-es-el-calcin2.jpg\" alt=\"qu\u00e9 es el calc\u00edn\" width=\"1024\" height=\"600\" srcset=\"https:\/\/climalit.es\/blog\/wp-content\/uploads\/2020\/03\/que-es-el-calcin2.jpg 1024w, https:\/\/climalit.es\/blog\/wp-content\/uploads\/2020\/03\/que-es-el-calcin2-640x375.jpg 640w, https:\/\/climalit.es\/blog\/wp-content\/uploads\/2020\/03\/que-es-el-calcin2-768x450.jpg 768w, https:\/\/climalit.es\/blog\/wp-content\/uploads\/2020\/03\/que-es-el-calcin2-320x188.jpg 320w\" sizes=\"(max-width: 1024px) 100vw, 1024px\" \/><\/p>\n<p>&nbsp;<\/p>\n<p>Tras depositar un recipiente de vidrio en el contenedor verde, \u00e9ste se encamina hacia un viaje en el que pasa por diversos procesos. Tras vaciarse el contenedor y llegar al punto de reciclaje, el vidrio se deposita en una tolva que desembocar\u00e1 en un separador magn\u00e9tico. Tras este separador, todo el material sigue pasando por dos fases m\u00e1s de separaci\u00f3n de materiales, ya que con ellos pueden ir bolsas, papel, y dem\u00e1s residuos que deben reciclarse por separado.<\/p>\n<p>Despu\u00e9s de pasar por todos los procesos de separaci\u00f3n de material, y tras pasar el proceso de criba y trituraci\u00f3n, <strong>todo el vidrio en trocitos diminutos que queda es el calc\u00edn<\/strong>, y es lo que se vuelve a transportar hasta las f\u00e1bricas para volver a crear otros envases o cualquier otro producto con vidrio.<\/p>\n<p>&nbsp;<\/p>\n<p><img loading=\"lazy\" class=\"aligncenter wp-image-5589 size-full\" src=\"https:\/\/climalit.es\/blog\/wp-content\/uploads\/2020\/03\/que-es-el-calcin.jpg\" alt=\"qu\u00e9 es el calc\u00edn\" width=\"1024\" height=\"601\" srcset=\"https:\/\/climalit.es\/blog\/wp-content\/uploads\/2020\/03\/que-es-el-calcin.jpg 1024w, https:\/\/climalit.es\/blog\/wp-content\/uploads\/2020\/03\/que-es-el-calcin-640x376.jpg 640w, https:\/\/climalit.es\/blog\/wp-content\/uploads\/2020\/03\/que-es-el-calcin-768x451.jpg 768w, https:\/\/climalit.es\/blog\/wp-content\/uploads\/2020\/03\/que-es-el-calcin-320x188.jpg 320w\" sizes=\"(max-width: 1024px) 100vw, 1024px\" \/><\/p>\n<p>&nbsp;<\/p>\n<p>Este modelo de reciclaje del vidrio es uno de los grandes ejemplos de econom\u00eda circular, ya que no es necesario extraer m\u00e1s materias primas para volver a fabricar envases de vidrio. Con el <span style=\"color: #3366ff;\"><a style=\"color: #3366ff;\" href=\"https:\/\/climalit.es\/blog\/reciclar-cristal-las-ventanas-armarios-muebles\/\">calc\u00edn reciclado<\/a><\/span> es m\u00e1s que suficiente. Y no solo no es necesario extraer materias primas adicionales, sino que tambi\u00e9n permite un gran ahorro de energ\u00eda, ya que el punto de fusi\u00f3n del calc\u00edn es considerablemente inferior al de la arena, sosa y caliza.<\/p>\n<p>Si est\u00e1s pensando en cambiar las ventanas de tu hogar, no dudes en consultar la secci\u00f3n<span style=\"color: #3366ff;\"> <a style=\"color: #3366ff;\" href=\"https:\/\/cambiatusventanas.climalit.es\/#\/\">Cambia Tus Ventanas<\/a><\/span> de la web de Climalit, en donde podr\u00e1s descubrir la composici\u00f3n de doble acristalamiento CLIMALIT PLUS m\u00e1s adecuada para tu vivienda en funci\u00f3n de las necesidades de la misma.<\/p>\n<\/div>","protected":false},"excerpt":{"rendered":"<p>Probablemente sepamos mucho sobre el reciclaje, el cuidado del medioambiente, la huella de carbono o la econom\u00eda circular. Sin embargo, la mayor\u00eda de la gente no sabr\u00e1 qu\u00e9 es el calc\u00edn ni su relevancia. El calc\u00edn es el vidrio reciclado&#8230;.<\/p>\n","protected":false},"author":5,"featured_media":5587,"comment_status":"closed","ping_status":"closed","sticky":false,"template":"","format":"standard","meta":{"amp_status":""},"categories":[40],"tags":[],"acf":[],"_links":{"self":[{"href":"https:\/\/climalit.es\/blog\/wp-json\/wp\/v2\/posts\/5586"}],"collection":[{"href":"https:\/\/climalit.es\/blog\/wp-json\/wp\/v2\/posts"}],"about":[{"href":"https:\/\/climalit.es\/blog\/wp-json\/wp\/v2\/types\/post"}],"author":[{"embeddable":true,"href":"https:\/\/climalit.es\/blog\/wp-json\/wp\/v2\/users\/5"}],"replies":[{"embeddable":true,"href":"https:\/\/climalit.es\/blog\/wp-json\/wp\/v2\/comments?post=5586"}],"version-history":[{"count":3,"href":"https:\/\/climalit.es\/blog\/wp-json\/wp\/v2\/posts\/5586\/revisions"}],"predecessor-version":[{"id":5592,"href":"https:\/\/climalit.es\/blog\/wp-json\/wp\/v2\/posts\/5586\/revisions\/5592"}],"wp:featuredmedia":[{"embeddable":true,"href":"https:\/\/climalit.es\/blog\/wp-json\/wp\/v2\/media\/5587"}],"wp:attachment":[{"href":"https:\/\/climalit.es\/blog\/wp-json\/wp\/v2\/media?parent=5586"}],"wp:term":[{"taxonomy":"category","embeddable":true,"href":"https:\/\/climalit.es\/blog\/wp-json\/wp\/v2\/categories?post=5586"},{"taxonomy":"post_tag","embeddable":true,"href":"https:\/\/climalit.es\/blog\/wp-json\/wp\/v2\/tags?post=5586"}],"curies":[{"name":"wp","href":"https:\/\/api.w.org\/{rel}","templated":true}]}}