{"id":5154,"date":"2020-01-03T10:00:39","date_gmt":"2020-01-03T09:00:39","guid":{"rendered":"https:\/\/climalit.es\/blog\/?p=5154"},"modified":"2020-01-23T18:13:49","modified_gmt":"2020-01-23T17:13:49","slug":"que-es-la-pobreza-energetica","status":"publish","type":"post","link":"https:\/\/climalit.es\/blog\/que-es-la-pobreza-energetica\/","title":{"rendered":"\u00bfQu\u00e9 es la pobreza energ\u00e9tica?"},"content":{"rendered":"<div class=\"bt_bb_wrapper\"><p>Se escucha hablar mucho del ahorro energ\u00e9tico, la sostenibilidad, la <strong>pobreza energ\u00e9tica<\/strong> y de otros conceptos relacionados con el cambio clim\u00e1tico y la protecci\u00f3n del medioambiente. Sin embargo, no todo el mundo sabe qu\u00e9 significa la pobreza energ\u00e9tica, as\u00ed como los problemas que puede acarrear.<\/p>\n<p>La pobreza energ\u00e9tica se define como la <strong>dificultad y\/o incapacidad de un usuario o familia para satisfacer las necesidades energ\u00e9ticas b\u00e1sicas en su hogar<\/strong>, vi\u00e9ndose afectado el bienestar de todos los habitantes de la vivienda, ya que esto significa: ausencia de confort t\u00e9rmico, reducci\u00f3n de la renta para invertir en otros bienes o servicios, deficiencia en las condiciones de habitabilidad, riesgo de impago de las facturas y desconexi\u00f3n del suministro.<\/p>\n<p>Todas estas complicaciones suponen un gran impacto en todos los miembros de la familia, ya que se traduce en <strong>carencia de bienestar en la vivienda<\/strong> al no contar con una cantidad de energ\u00eda suficiente para satisfacer las necesidades b\u00e1sicas. Asimismo, esta pobreza se da cuando los habitantes deben destinar una parte excesiva de sus ingresos para pagar las facturas energ\u00e9ticas de la vivienda en la que residen.<\/p>\n<p>&nbsp;<\/p>\n<p><img loading=\"lazy\" class=\"aligncenter wp-image-5156 size-full\" src=\"https:\/\/climalit.es\/blog\/wp-content\/uploads\/2019\/12\/pobreza-energetica1.jpg\" alt=\"Pobreza energ\u00e9tica\" width=\"1024\" height=\"600\" srcset=\"https:\/\/climalit.es\/blog\/wp-content\/uploads\/2019\/12\/pobreza-energetica1.jpg 1024w, https:\/\/climalit.es\/blog\/wp-content\/uploads\/2019\/12\/pobreza-energetica1-640x375.jpg 640w, https:\/\/climalit.es\/blog\/wp-content\/uploads\/2019\/12\/pobreza-energetica1-768x450.jpg 768w, https:\/\/climalit.es\/blog\/wp-content\/uploads\/2019\/12\/pobreza-energetica1-320x188.jpg 320w\" sizes=\"(max-width: 1024px) 100vw, 1024px\" \/><\/p>\n<p>&nbsp;<\/p>\n<p><strong>Este concepto no es exactamente igual en todos los pa\u00edses<\/strong>, ya que difiere en base a una variante, fundamentalmente: <strong>el nivel de desarrollo de cada pa\u00eds<\/strong>. En los pa\u00edses m\u00e1s desarrollados, el concepto de \u201cpobreza energ\u00e9tica\u201d se centra en aquellas familias que necesitan realizar un sobreesfuerzo importante para pagar dichas facturas. Sin embargo, en los pa\u00edses menos desarrollados, se traduce en la incapacidad de acceder a fuentes de energ\u00eda consideradas modernas, como la corriente el\u00e9ctrica. Aun as\u00ed, en ambos casos se denomina \u201cpobreza energ\u00e9tica\u201d porque sigue teniendo un impacto negativo en la calidad de vida de las personas.<\/p>\n<p>En los pa\u00edses desarrollados, las principales causas que conducen a usuarios y familias hacia la pobreza energ\u00e9tica son fundamentalmente tres: los precios elevados de la energ\u00eda, unos ingresos muy bajos o la baja calidad de la vivienda.<\/p>\n<p><strong>En Espa\u00f1a, un 11% de los hogares se declaran incapaces de mantener estable la temperatura de la vivienda durante el invierno<\/strong>. Adem\u00e1s, se estima que Andaluc\u00eda, Castilla &#8211; La Mancha, Extremadura y Murcia son las comunidades aut\u00f3nomas con mayor pobreza energ\u00e9tica.<\/p>\n<p>De hecho, un estudio realizado por ACA (Asociaci\u00f3n de Ciencias Ambientales), concluy\u00f3 que hasta el 21% de los hogares espa\u00f1oles experimentan situaciones asociadas a la pobreza energ\u00e9tica. Adem\u00e1s, cuentan que un 6% dedican m\u00e1s del 15% de sus ingresos al pago de las facturas, lo que supone un coste muy elevado.<\/p>\n<p>&nbsp;<\/p>\n<p><img loading=\"lazy\" class=\"aligncenter wp-image-5157 size-full\" src=\"https:\/\/climalit.es\/blog\/wp-content\/uploads\/2019\/12\/pobreza-energetica2.jpg\" alt=\"Pobreza energ\u00e9tica\" width=\"1024\" height=\"600\" srcset=\"https:\/\/climalit.es\/blog\/wp-content\/uploads\/2019\/12\/pobreza-energetica2.jpg 1024w, https:\/\/climalit.es\/blog\/wp-content\/uploads\/2019\/12\/pobreza-energetica2-640x375.jpg 640w, https:\/\/climalit.es\/blog\/wp-content\/uploads\/2019\/12\/pobreza-energetica2-768x450.jpg 768w, https:\/\/climalit.es\/blog\/wp-content\/uploads\/2019\/12\/pobreza-energetica2-320x188.jpg 320w\" sizes=\"(max-width: 1024px) 100vw, 1024px\" \/><\/p>\n<p>&nbsp;<\/p>\n<p>Viendo estos datos, <strong>es imprescindible tomar conciencia<\/strong> de la relevancia que tienen este tipo de conceptos, conocer su significado, la situaci\u00f3n real de nuestro pa\u00eds y a nivel global, y hacer todo lo que est\u00e9 en nuestra mano para poder cambiarlo. Porque peque\u00f1as acciones de todos, \u00a1se traducen en una gran acci\u00f3n conjunta!<\/p>\n<p>Desde <a href=\"https:\/\/climalit.es\/beneficios\/\"><span style=\"color: #0000ff;\">CLIMALIT PLUS<\/span><\/a> siempre tratamos de daros consejos \u00fatiles para fomentar el ahorro en el hogar y concienciar a nuestros lectores de la relevancia que tiene. Por esta raz\u00f3n, si quer\u00e9is saber m\u00e1s, pod\u00e9is consultar este art\u00edculo en el que os damos<span style=\"color: #0000ff;\"> <a style=\"color: #0000ff;\" href=\"https:\/\/climalit.es\/blog\/consejos-ahorrar-energia-casa\/\">consejos para ahorrar energ\u00eda en casa<\/a><\/span>.<\/p>\n<\/div>","protected":false},"excerpt":{"rendered":"<p>Se escucha hablar mucho del ahorro energ\u00e9tico, la sostenibilidad, la pobreza energ\u00e9tica y de otros conceptos relacionados con el cambio clim\u00e1tico y la protecci\u00f3n del medioambiente. Sin embargo, no todo el mundo sabe qu\u00e9 significa la pobreza energ\u00e9tica, as\u00ed como&#8230;<\/p>\n","protected":false},"author":5,"featured_media":5155,"comment_status":"closed","ping_status":"open","sticky":false,"template":"","format":"standard","meta":{"amp_status":""},"categories":[40,35],"tags":[],"acf":[],"_links":{"self":[{"href":"https:\/\/climalit.es\/blog\/wp-json\/wp\/v2\/posts\/5154"}],"collection":[{"href":"https:\/\/climalit.es\/blog\/wp-json\/wp\/v2\/posts"}],"about":[{"href":"https:\/\/climalit.es\/blog\/wp-json\/wp\/v2\/types\/post"}],"author":[{"embeddable":true,"href":"https:\/\/climalit.es\/blog\/wp-json\/wp\/v2\/users\/5"}],"replies":[{"embeddable":true,"href":"https:\/\/climalit.es\/blog\/wp-json\/wp\/v2\/comments?post=5154"}],"version-history":[{"count":4,"href":"https:\/\/climalit.es\/blog\/wp-json\/wp\/v2\/posts\/5154\/revisions"}],"predecessor-version":[{"id":5252,"href":"https:\/\/climalit.es\/blog\/wp-json\/wp\/v2\/posts\/5154\/revisions\/5252"}],"wp:featuredmedia":[{"embeddable":true,"href":"https:\/\/climalit.es\/blog\/wp-json\/wp\/v2\/media\/5155"}],"wp:attachment":[{"href":"https:\/\/climalit.es\/blog\/wp-json\/wp\/v2\/media?parent=5154"}],"wp:term":[{"taxonomy":"category","embeddable":true,"href":"https:\/\/climalit.es\/blog\/wp-json\/wp\/v2\/categories?post=5154"},{"taxonomy":"post_tag","embeddable":true,"href":"https:\/\/climalit.es\/blog\/wp-json\/wp\/v2\/tags?post=5154"}],"curies":[{"name":"wp","href":"https:\/\/api.w.org\/{rel}","templated":true}]}}