{"id":4899,"date":"2019-10-11T12:22:59","date_gmt":"2019-10-11T12:22:59","guid":{"rendered":"https:\/\/climalit.es\/blog\/?p=4424"},"modified":"2020-03-04T16:17:51","modified_gmt":"2020-03-04T15:17:51","slug":"colocarias-ventanas-redondas","status":"publish","type":"post","link":"https:\/\/climalit.es\/blog\/colocarias-ventanas-redondas\/","title":{"rendered":"\u00bfColocar\u00edas ventanas redondas?"},"content":{"rendered":"<div class=\"bt_bb_wrapper\"><p>Existen infinidad de <strong>tipos de ventanas<\/strong> y de elementos decorativos que pueden cambiar por completo la est\u00e9tica de los hogares. Sin embargo, las <strong>ventanas redondas<\/strong> son un caso aislado muy poco visto en Espa\u00f1a.<\/p>\n<p>Exceptuando el cl\u00e1sico <strong>ojo de buey<\/strong> en el desv\u00e1n, en nuestro pa\u00eds no resulta nada com\u00fan encontrarse con ventanas redondas en los hogares, y menos en mitad de un sal\u00f3n o de una habitaci\u00f3n. Sin embargo, si lo que se desea es romper por completo con los esquemas establecidos, puede ser una opci\u00f3n perfecta para aportar personalidad a la vivienda. Este tipo de ventanas destacan, principalmente, por su <strong>componente decorativo y est\u00e9tico<\/strong>. Adem\u00e1s de crear ese estilo moderno y contempor\u00e1neo, tambi\u00e9n ayudan a enmarcar el paisaje de una forma completamente diferente.<\/p>\n<p>No olvides que, aunque la <a href=\"https:\/\/climalit.es\/\">ventana <\/a>no posea su forma tradicional, la <strong>transmisi\u00f3n de luz<\/strong> natural al interior de la vivienda puede ser igualmente elevada, por lo que influir\u00e1 mucho a la hora de elegir la decoraci\u00f3n de las estancias, los colores de los complementos y la distribuci\u00f3n de los muebles.<\/p>\n<p>&nbsp;<\/p>\n<p><img loading=\"lazy\" class=\"aligncenter wp-image-4426 size-large\" src=\"https:\/\/climalit.es\/blog\/wp-content\/uploads\/colocar\u00edasventanasredondas-1024x600.jpg\" alt=\"Colocar ventanas redondas\" width=\"838\" height=\"491\" \/><\/p>\n<p>&nbsp;<\/p>\n<p>Si los grandes ventanales redondos te parecen demasiado atrevidos, existen diferentes alternativas para incorporar estas estructuras en la vivienda sin necesidad de que alcancen tanto protagonismo. Por ejemplo, en algunas zonas del interior de la casa, como pueden ser dos habitaciones contiguas, en las escaleras que van de una planta a otra y que a menudo terminan por ser hueco sin luz natural. Gracias a estas peque\u00f1as ideas, la vivienda puede conseguir una mayor luminosidad, mejorando la est\u00e9tica y el d\u00eda a d\u00eda de los inquilinos.<\/p>\n<p>&nbsp;<\/p>\n<p><img loading=\"lazy\" class=\"aligncenter wp-image-4427 size-large\" src=\"https:\/\/climalit.es\/blog\/wp-content\/uploads\/colocariasventanasredondas2-1024x601.jpg\" alt=\"Colocar ventanas redondas\" width=\"838\" height=\"492\" \/><\/p>\n<\/div>","protected":false},"excerpt":{"rendered":"<p>Existen infinidad de tipos de ventanas y de elementos decorativos que pueden cambiar por completo la est\u00e9tica de los hogares. Sin embargo, las ventanas redondas son un caso aislado muy poco visto en Espa\u00f1a. Exceptuando el cl\u00e1sico ojo de buey&#8230;<\/p>\n","protected":false},"author":1,"featured_media":5024,"comment_status":"closed","ping_status":"open","sticky":false,"template":"","format":"standard","meta":{"amp_status":""},"categories":[38,43],"tags":[159,378,379],"acf":[],"_links":{"self":[{"href":"https:\/\/climalit.es\/blog\/wp-json\/wp\/v2\/posts\/4899"}],"collection":[{"href":"https:\/\/climalit.es\/blog\/wp-json\/wp\/v2\/posts"}],"about":[{"href":"https:\/\/climalit.es\/blog\/wp-json\/wp\/v2\/types\/post"}],"author":[{"embeddable":true,"href":"https:\/\/climalit.es\/blog\/wp-json\/wp\/v2\/users\/1"}],"replies":[{"embeddable":true,"href":"https:\/\/climalit.es\/blog\/wp-json\/wp\/v2\/comments?post=4899"}],"version-history":[{"count":4,"href":"https:\/\/climalit.es\/blog\/wp-json\/wp\/v2\/posts\/4899\/revisions"}],"predecessor-version":[{"id":5058,"href":"https:\/\/climalit.es\/blog\/wp-json\/wp\/v2\/posts\/4899\/revisions\/5058"}],"wp:featuredmedia":[{"embeddable":true,"href":"https:\/\/climalit.es\/blog\/wp-json\/wp\/v2\/media\/5024"}],"wp:attachment":[{"href":"https:\/\/climalit.es\/blog\/wp-json\/wp\/v2\/media?parent=4899"}],"wp:term":[{"taxonomy":"category","embeddable":true,"href":"https:\/\/climalit.es\/blog\/wp-json\/wp\/v2\/categories?post=4899"},{"taxonomy":"post_tag","embeddable":true,"href":"https:\/\/climalit.es\/blog\/wp-json\/wp\/v2\/tags?post=4899"}],"curies":[{"name":"wp","href":"https:\/\/api.w.org\/{rel}","templated":true}]}}