{"id":4453,"date":"2019-11-01T10:00:26","date_gmt":"2019-11-01T10:00:26","guid":{"rendered":"https:\/\/climalit.es\/blog\/?p=4453"},"modified":"2020-01-23T18:13:49","modified_gmt":"2020-01-23T17:13:49","slug":"ideas-reutilizar-puertas-ventanas","status":"publish","type":"post","link":"https:\/\/climalit.es\/blog\/ideas-reutilizar-puertas-ventanas\/","title":{"rendered":"Ideas para reutilizar puertas y ventanas"},"content":{"rendered":"<div class=\"bt_bb_wrapper\"><p>Desde <a href=\"https:\/\/climalit.es\/\">CLIMALIT<\/a> PLUS, queremos daros el mayor n\u00famero de ideas para darle una segunda oportunidad a todas aquellas puertas y ventanas antiguas y que hay que renovar. Aunque apostemos por nuevos acristalamientos en nuestro hogar, o por modernizar un poco la est\u00e9tica con unas puertas nuevas, es cierto que <strong>lo antiguo puede tener una segunda vida<\/strong> desempe\u00f1ando otra funci\u00f3n, o simplemente como elemento decorativo. Por eso queremos daros ideas para reutilizar puertas y ventanas antiguas.<\/p>\n<p>Lo <em>vintage<\/em> est\u00e1 de moda: ropa de segunda mano, motos antiguas, locales p\u00fablicos con est\u00e9tica de los 60\u2026 y, c\u00f3mo no, tambi\u00e9n los muebles. Es muy com\u00fan encontrarse en una misma estancia elementos muy minimalistas y novedosos y muebles con un acabado envejecido y una est\u00e9tica muy <em>vintage<\/em>. Se utiliza para \u201cromper los esquemas\u201d, para eliminar la monoton\u00eda dentro de la vivienda. Por eso, en lugar de tener que ir a una tienda, comprar un mueble, pintarlo y luego envejecerlo, podemos <strong>reutilizar objetos <\/strong>y darles una segunda oportunidad.<\/p>\n<p>Las puertas, concretamente, pueden dar much\u00edsimo juego. Algunas ideas son, por ejemplo, a\u00f1adirle unas patas y convertirla en una gran mesa, o incluso se le puede a\u00f1adir un espejo y utilizarla en el vestidor como espejo de cuerpo entero. Adem\u00e1s, si jugamos con los colores, pueden ser las protagonistas de la estancia. Otra opci\u00f3n factible si se tiene m\u00e1s de una, es unirlas y crear un biombo. Aportar\u00e1 una gran personalidad a la habitaci\u00f3n y un toque muy divertido.<\/p>\n<p>Otra posibilidad es la de combinar m\u00e1s de una para formar un gran cabecero para la cama. Actualmente, se estilan cabeceros muy dispares, utilizando desde el cuero hasta el metal. Un cabecero de madera, con un tono acorde con la habitaci\u00f3n y con la pintura un poquito desgastada ser\u00e1 el complemento ideal para crear una habitaci\u00f3n con un aire campestre o toscano.<\/p>\n<p>Como estanter\u00eda o perchero tambi\u00e9n puede ser una muy buena opci\u00f3n, ya que, al ser grandes, son elementos perfectos para colocar en la entrada de la casa. De esta forma, se le podr\u00e1n a\u00f1adir fotos en la parte superior, o alg\u00fan que otro elemento decorativo que rellene el espacio y que aporte personalidad al recibidor, una zona que, normalmente, es complicada de amueblar y decorar.<\/p>\n<p>&nbsp;<\/p>\n<p><img loading=\"lazy\" class=\"aligncenter wp-image-4912 size-full\" src=\"https:\/\/climalit.es\/blog\/wp-content\/uploads\/2019\/11\/Ideasparareutilizarpuertasyventanas-1024x600.jpg\" alt=\"\" width=\"1024\" height=\"600\" srcset=\"https:\/\/climalit.es\/blog\/wp-content\/uploads\/2019\/11\/Ideasparareutilizarpuertasyventanas-1024x600.jpg 1024w, https:\/\/climalit.es\/blog\/wp-content\/uploads\/2019\/11\/Ideasparareutilizarpuertasyventanas-1024x600-640x375.jpg 640w, https:\/\/climalit.es\/blog\/wp-content\/uploads\/2019\/11\/Ideasparareutilizarpuertasyventanas-1024x600-768x450.jpg 768w, https:\/\/climalit.es\/blog\/wp-content\/uploads\/2019\/11\/Ideasparareutilizarpuertasyventanas-1024x600-320x188.jpg 320w\" sizes=\"(max-width: 1024px) 100vw, 1024px\" \/><\/p>\n<p>&nbsp;<\/p>\n<p><strong>Con las ventanas ocurre exactamente lo mismo<\/strong>. Una muy buena idea es darles una segunda oportunidad y hacer un maravilloso <strong><em>\u201cdo it yourself\u201d<\/em><\/strong> (hazlo t\u00fa mismo) en tu vivienda.<\/p>\n<p>Podemos hacer mesas de centro para el sal\u00f3n e incluso se pueden convertir en estanter\u00edas para a\u00f1adir libros, elementos de decoraci\u00f3n y hasta plantas. Tambi\u00e9n podr\u00edan convertirse en un elemento especial dentro de la casa si se le da un toque m\u00e1s personal: las primeras fotos de los ni\u00f1os, recuerdos de un viaje con amigos, las \u00faltimas navidades en familia\u2026 De este modo se transformar\u00e1 en un excelente marco de fotos.<\/p>\n<p>Asimismo, est\u00e1 muy de moda tener los utensilios de la cocina a la vista, como las cl\u00e1sicas sartenes o tazones para el caf\u00e9. Crear una especie de estanter\u00eda para ponerlos tambi\u00e9n es una excelente idea para dar un toque especial a la cocina. Asimismo, es muy com\u00fan entrar en una habitaci\u00f3n o en un vestidor y encontrarse con la cl\u00e1sica estructura para organizar los pendientes, colgantes y pulseras. Una ventana a la que se le a\u00f1adan compartimentos o estructuras para colgar este tipo de complementos tambi\u00e9n puede ser el elemento decorativo perfecto para dar una segunda vida a estas estructuras.<\/p>\n<p>La clave est\u00e1 en dar rienda suelta a la imaginaci\u00f3n creando complementos que solamente tendr\u00e1s t\u00fa y nadie m\u00e1s. Reutilizar puertas y ventanas que ya no utilices es un plan perfecto para dar un lavado de cara al hogar.<\/p>\n<\/div>","protected":false},"excerpt":{"rendered":"<p>Desde CLIMALIT PLUS, queremos daros el mayor n\u00famero de ideas para darle una segunda oportunidad a todas aquellas puertas y ventanas antiguas y que hay que renovar. Aunque apostemos por nuevos acristalamientos en nuestro hogar, o por modernizar un poco&#8230;<\/p>\n","protected":false},"author":1,"featured_media":5028,"comment_status":"closed","ping_status":"open","sticky":false,"template":"","format":"standard","meta":{"amp_status":""},"categories":[38],"tags":[159,336],"acf":[],"_links":{"self":[{"href":"https:\/\/climalit.es\/blog\/wp-json\/wp\/v2\/posts\/4453"}],"collection":[{"href":"https:\/\/climalit.es\/blog\/wp-json\/wp\/v2\/posts"}],"about":[{"href":"https:\/\/climalit.es\/blog\/wp-json\/wp\/v2\/types\/post"}],"author":[{"embeddable":true,"href":"https:\/\/climalit.es\/blog\/wp-json\/wp\/v2\/users\/1"}],"replies":[{"embeddable":true,"href":"https:\/\/climalit.es\/blog\/wp-json\/wp\/v2\/comments?post=4453"}],"version-history":[{"count":8,"href":"https:\/\/climalit.es\/blog\/wp-json\/wp\/v2\/posts\/4453\/revisions"}],"predecessor-version":[{"id":5038,"href":"https:\/\/climalit.es\/blog\/wp-json\/wp\/v2\/posts\/4453\/revisions\/5038"}],"wp:featuredmedia":[{"embeddable":true,"href":"https:\/\/climalit.es\/blog\/wp-json\/wp\/v2\/media\/5028"}],"wp:attachment":[{"href":"https:\/\/climalit.es\/blog\/wp-json\/wp\/v2\/media?parent=4453"}],"wp:term":[{"taxonomy":"category","embeddable":true,"href":"https:\/\/climalit.es\/blog\/wp-json\/wp\/v2\/categories?post=4453"},{"taxonomy":"post_tag","embeddable":true,"href":"https:\/\/climalit.es\/blog\/wp-json\/wp\/v2\/tags?post=4453"}],"curies":[{"name":"wp","href":"https:\/\/api.w.org\/{rel}","templated":true}]}}