{"id":4446,"date":"2019-10-25T17:00:35","date_gmt":"2019-10-25T17:00:35","guid":{"rendered":"https:\/\/climalit.es\/blog\/?p=4446"},"modified":"2020-03-04T16:12:04","modified_gmt":"2020-03-04T15:12:04","slug":"celosias-contraventanas-laminas-decorativas-ventanas","status":"publish","type":"post","link":"https:\/\/climalit.es\/blog\/celosias-contraventanas-laminas-decorativas-ventanas\/","title":{"rendered":"Celos\u00eda, contraventanas y l\u00e1minas decorativas para ventanas"},"content":{"rendered":"<div class=\"bt_bb_wrapper\"><p>Las ventanas tienen una gran cantidad de accesorios al estar compuestas por un perfil, un caj\u00f3n para la persiana y vidrio. No se suele reparar mucho en ellas, sin embargo, hay numerosos complementos o accesorios que se le puedan a\u00f1adir.<\/p>\n<h2>CONTRAVENTANAS<\/h2>\n<p>Las contraventanas son un complemento en el que se suele pensar si se nota cierto d\u00e9ficit de <strong>aislamiento t\u00e9rmico<\/strong> en la vivienda, ya que se cree que, incluyendo contraventanas, el aislamiento ser\u00e1 mayor y las habitaciones estar\u00e1n protegidas contra el fr\u00edo. Con la instalaci\u00f3n de <a href=\"https:\/\/climalit.es\/beneficios\/\">SGG CLIMALIT PLUS<\/a> se puede obtener ese plus de aislamiento que la vivienda necesita, sin necesidad de recurrir a estos accesorios. Sin embargo, en ocasiones se instalan como un complemento decorativo para la fachada. Muchas contraventanas son de madera y aportan ese toque r\u00fastico y antiguo, tan de moda.<\/p>\n<h2>LAMAS Y CELOS\u00cdAS<\/h2>\n<p>Las celos\u00edas <strong>protegen las estancias y los muebles de la luz directa<\/strong> del sol. Son muy comunes en oficinas o en edificios p\u00fablicos, ya que tienen un precio asequible y cumplen su funci\u00f3n. Sin embargo, pensando en ellas, nos viene a la cabeza la cl\u00e1sica celos\u00eda plateada tan poco est\u00e9tica. Es importante se\u00f1alar que, a d\u00eda de hoy, la variedad es inmensa, pudiendo elegir la id\u00f3nea entre un gran abanico para no tener que renunciar a una excelente decoraci\u00f3n en el interior de la vivienda.<\/p>\n<p><img loading=\"lazy\" class=\"size-full wp-image-4925 aligncenter\" src=\"https:\/\/climalit.es\/blog\/wp-content\/uploads\/2019\/10\/celosiaventana1-1024x600.jpg\" alt=\"\" width=\"1024\" height=\"600\" \/><\/p>\n<h2>LAS L\u00c1MINAS DECORATIVAS<\/h2>\n<p>Las l\u00e1minas decorativas para las ventanas son una opci\u00f3n perfecta si a los inquilinos de la vivienda no les gustan las cl\u00e1sicas cortinas. Estas l\u00e1minas cumplen la misma funci\u00f3n, ya que protegen el interior de las habitaciones de la luz del sol directa, y ofrecen una gran variedad de dise\u00f1os entre los que elegir.<\/p>\n<p>Algunas incluso cuentan con una especie de <strong>filtro solar<\/strong> para proteger muebles y tejidos de las radiaciones del sol.<\/p>\n<p>&nbsp;<\/p>\n<p><img loading=\"lazy\" class=\"alignnone size-full wp-image-4927\" src=\"https:\/\/climalit.es\/blog\/wp-content\/uploads\/2019\/12\/celosiaventana-dibujos1024x600.jpg\" alt=\"\" width=\"1024\" height=\"600\" \/><\/p>\n<p>Los <strong>beneficios<\/strong> de estas l\u00e1minas no terminan aqu\u00ed, ya que son sencillos de poner y quitar. Puede tratarse de la opci\u00f3n ideal para las ventanas de las habitaciones m\u00e1s peque\u00f1as, donde las cortinas u otro tipo de complemento puedes resultar voluminosos.<\/p>\n<p>L<strong>os pasos a seguir<\/strong> para colocar estas l\u00e1minas son realmente sencillos.<\/p>\n<p>En primer lugar, es imprescindible asegurarse de que el vidrio est\u00e1 totalmente limpio y seco para que la l\u00e1mina se adhiera correctamente.<\/p>\n<p>En segundo lugar, prueba a colocar sobre el vidrio (sin pegar) la l\u00e1mina para saber exactamente el sitio en el que ir\u00e1. Acto seguido, pulveriza generosamente el vidrio con agua.<\/p>\n<p>Una vez realizado lo anterior, ya podremos empezar a quitar la pel\u00edcula de la l\u00e1mina y colocarla sobre el vidrio. Si queremos modificar la posici\u00f3n despu\u00e9s, no pasa nada ya que, al no ir pegada con pegamento, se puede quitar y volver a colocar con facilidad, sin causar ning\u00fan da\u00f1o.<\/p>\n<p>Para finalizar, cuando la l\u00e1mina est\u00e9 totalmente colocada en el sitio en el que se desea si hubiera quedado arrugas o burbujas, hay que pasar con cuidado una esp\u00e1tula de goma para eliminarlas.<\/p>\n<p>&nbsp;<\/p>\n<p>&nbsp;<\/p>\n<\/div>","protected":false},"excerpt":{"rendered":"<p>Las ventanas tienen una gran cantidad de accesorios al estar compuestas por un perfil, un caj\u00f3n para la persiana y vidrio. No se suele reparar mucho en ellas, sin embargo, hay numerosos complementos o accesorios que se le puedan a\u00f1adir&#8230;.<\/p>\n","protected":false},"author":1,"featured_media":5009,"comment_status":"closed","ping_status":"open","sticky":false,"template":"","format":"standard","meta":{"amp_status":""},"categories":[38,43],"tags":[],"acf":[],"_links":{"self":[{"href":"https:\/\/climalit.es\/blog\/wp-json\/wp\/v2\/posts\/4446"}],"collection":[{"href":"https:\/\/climalit.es\/blog\/wp-json\/wp\/v2\/posts"}],"about":[{"href":"https:\/\/climalit.es\/blog\/wp-json\/wp\/v2\/types\/post"}],"author":[{"embeddable":true,"href":"https:\/\/climalit.es\/blog\/wp-json\/wp\/v2\/users\/1"}],"replies":[{"embeddable":true,"href":"https:\/\/climalit.es\/blog\/wp-json\/wp\/v2\/comments?post=4446"}],"version-history":[{"count":7,"href":"https:\/\/climalit.es\/blog\/wp-json\/wp\/v2\/posts\/4446\/revisions"}],"predecessor-version":[{"id":5012,"href":"https:\/\/climalit.es\/blog\/wp-json\/wp\/v2\/posts\/4446\/revisions\/5012"}],"wp:featuredmedia":[{"embeddable":true,"href":"https:\/\/climalit.es\/blog\/wp-json\/wp\/v2\/media\/5009"}],"wp:attachment":[{"href":"https:\/\/climalit.es\/blog\/wp-json\/wp\/v2\/media?parent=4446"}],"wp:term":[{"taxonomy":"category","embeddable":true,"href":"https:\/\/climalit.es\/blog\/wp-json\/wp\/v2\/categories?post=4446"},{"taxonomy":"post_tag","embeddable":true,"href":"https:\/\/climalit.es\/blog\/wp-json\/wp\/v2\/tags?post=4446"}],"curies":[{"name":"wp","href":"https:\/\/api.w.org\/{rel}","templated":true}]}}