{"id":3916,"date":"2019-02-01T11:46:08","date_gmt":"2019-02-01T11:46:08","guid":{"rendered":"https:\/\/climalit.es\/blog\/?p=3916"},"modified":"2020-01-23T18:14:39","modified_gmt":"2020-01-23T17:14:39","slug":"plan-renove-de-ventanas-comunidad-valenciana","status":"publish","type":"post","link":"https:\/\/climalit.es\/blog\/plan-renove-de-ventanas-comunidad-valenciana\/","title":{"rendered":"Plan Renove de Ventanas en la Comunidad Valenciana"},"content":{"rendered":"<div class=\"bt_bb_wrapper\"><p><a href=\"https:\/\/climalit.es\/blog\/plan-renove-ventanas-comunidad-madrid\/\"><span style=\"font-weight: 400;\">Al igual que se public\u00f3 en Madrid<\/span><\/a><span style=\"font-weight: 400;\"> hace algunas semanas, la Comunidad Valenciana tambi\u00e9n ha hecho p\u00fablico su plan Renove para adaptar las ventanas de viviendas de toda la Comunidad Valenciana. Este plan busca hacer posible la rehabilitaci\u00f3n t\u00e9rmica de ventanas de casas y pisos para hacer que el ahorro energ\u00e9tico sea la t\u00f3nica general. As\u00ed, gracias a esta ayuda, ser\u00e1 m\u00e1s f\u00e1cil y m\u00e1s barato adaptar las ventanas y hacer que nuestras viviendas sean m\u00e1s sostenibles y ecol\u00f3gicas.<\/span><\/p>\n<p><a href=\"http:\/\/www.ivace.es\/index.php?option=com_content&amp;view=article&amp;id=6548:plan-renove-ventanas-2018&amp;catid=407:ayudas-2018-ahorro-y-eficiencia-energetica-y-energias-renovables&amp;lang=es&amp;Itemid=100456\"><span style=\"font-weight: 400;\">El plan<\/span><\/a><span style=\"font-weight: 400;\"> cubre tanto ventanas como puertas-ventana (entendiendo como tales tanto el acristalamiento como el marco y el premarco) con cargo al presupuesto del IVACE del ejercicio 2019. Uno de los requisitos es <\/span><b>que estas viviendas sean viviendas habituales y en uso<\/b><span style=\"font-weight: 400;\">. As\u00ed, si este es tu caso, est\u00e1s ante un momento excelente para renovar tus ventanas.<\/span><\/p>\n<p><span style=\"font-weight: 400;\">Adem\u00e1s, tienes que saber que para acogerse a estas subvenciones es que vivienda en cuesti\u00f3n sea de uso habitual <\/span><b>y est\u00e9 en la Comunidad Valenciana<\/b><span style=\"font-weight: 400;\">. Es v\u00e1lida tanto para propietarios, como para arrendatarios o usufructuarios.<\/span><\/p>\n<p>&nbsp;<\/p>\n<h2>\u00bfQu\u00e9 se subvenciona?<\/h2>\n<p><span style=\"font-weight: 400;\">Es importante conocer qu\u00e9 es lo que subvenciona este Plan Renove de ventanas de la Comunidad Valenciana. As\u00ed, entrar\u00edan dentro de los costes subvencionables<\/span><b> la renovaci\u00f3n de ventanas y puertas-ventana<\/b><span style=\"font-weight: 400;\"> en una vivienda habitual adem\u00e1s de la instalaci\u00f3n (montaje de las nuevas y desmontaje de las viejas) del acristalamiento, el marco y el premarco.<\/span><\/p>\n<p><span style=\"font-weight: 400;\">Por el contrario, no estar\u00edan subvencionados ni la <\/span><a href=\"https:\/\/climalit.es\/blog\/beneficios-y-aplicaciones-de-las-cortinas-de-cristal\/\"><span style=\"font-weight: 400;\">instalaci\u00f3n de persianas<\/span><\/a><span style=\"font-weight: 400;\">, toldos u otros elementos de protecci\u00f3n solar<\/span> <span style=\"font-weight: 400;\">ni, tampoco, cualquier obra de alba\u00f1iler\u00eda ajena a estas ayudas as\u00ed como las tasas o licencias necesarias para la instalaci\u00f3n.<\/span><\/p>\n<p>&nbsp;<\/p>\n<h2><b>\u00bfQu\u00e9 debo cumplir?<\/b><\/h2>\n<p><span style=\"font-weight: 400;\"><br \/>\n<\/span><span style=\"font-weight: 400;\">Adem\u00e1s de los requisitos (vivienda habitual en la Comunidad Valenciana), tenemos que tener en cuenta que las ventanas y puertas-ventanas tienen que formar parte de los cerramientos exteriores. Es decir, que separen recintos y estancias con calefacci\u00f3n o aire acondicionado del ambiente exterior. As\u00ed, <\/span><b>no pueden ser objeto de subvenci\u00f3n las superficies acristaladas ubicadas en los cerramientos interiores.<\/b><\/p>\n<p><span style=\"font-weight: 400;\">Los acristalamientos a sustituir deber\u00e1n ser acristalamiento simple. Si ya existiesen ventanas ineficientes t\u00e9rmicamente, los acristalamientos existentes<\/span> <span style=\"font-weight: 400;\">podr\u00edan ser tanto simples como dobles. Hay que tener en cuenta que las ventanas y puertas-ventanas nuevas deben contar tambi\u00e9n con marcado CE y su permeabilidad al aire ser\u00e1 de \u2264 27 m\u00b3\/h\u00b7m\u00b2 a 100 Pa (Clase 2 o superior) seg\u00fan norma UNE-EN 12207.<\/span><\/p>\n<p>&nbsp;<\/p>\n<h2><b>\u00bfCu\u00e1nto subvencionan?<\/b><\/h2>\n<p><b>La subvenci\u00f3n es de un m\u00e1ximo de 75\u20ac\/m\u00b2 <\/b><span style=\"font-weight: 400;\">cuando se trata de una renovaci\u00f3n total de puertas-ventana o de ventanas (con su correspondiente instalaci\u00f3n del premarco, marco y acristalamiento). La aportaci\u00f3n del comercio o empresa instaladora adherida al Plan Renove de Ventanas 2019, consistir\u00e1 en un descuento en la factura de 15 \u20ac\/m\u00b2 en el momento de la instalaci\u00f3n. <\/span><\/p>\n<p>&nbsp;<\/p>\n<h2><b>\u00bfCu\u00e1ndo puedo solicitarlo?<\/b><\/h2>\n<p><span style=\"font-weight: 400;\"><br \/>\n<\/span><span style=\"font-weight: 400;\">El plazo para solicitarlo comienza<\/span><b> el 29 de enero de 2019 y finalizar\u00e1 el 13 de junio de 2019<\/b><span style=\"font-weight: 400;\">.<\/span><\/p>\n<p>&nbsp;<\/p>\n<h2><b>\u00bfPor qu\u00e9 deber\u00eda solicitarlo?<\/b><\/h2>\n<p><span style=\"font-weight: 400;\"><br \/>\n<\/span><span style=\"font-weight: 400;\">Este Plan Renove de Ventanas es una excelente oportunidad para proceder a un cambio de todas las ventanas y puertas-ventana de nuestro hogar. No s\u00f3lo podremos renovar nuestras ventanas instalando mejores y m\u00e1s duraderos materiales, sino que, al mismo tiempo, podremos ver reducida la factura de la calefacci\u00f3n o del aire acondicionado. Hay que tener en cuenta que unos buenos cierres y unas ventanas bien aisladas y que cumplan con los requisitos exigidos en el plan Renove de Ventanas,<\/span><b> implican<\/b> <b>un ahorro energ\u00e9tico muy importante para el medio ambiente y que se aprecia, sobre todo en la factura a final de mes.<\/b><\/p>\n<p><span style=\"font-weight: 400;\">Adem\u00e1s, tras proceder a la instalaci\u00f3n de las ventanas nuevas, hay que tener en cuenta que muy probablemente la calificaci\u00f3n energ\u00e9tica de nuestro hogar mejorar\u00e1. As\u00ed, si estamos pensando en vender nuestra casa o piso \u00e9sta es una ocasi\u00f3n ideal para cambiar las ventanas puesto que diversos estudios sostienen que una buena calificaci\u00f3n energ\u00e9tica de nuestro hogar puede conseguir que se revalorice considerablemente.<\/span><\/p>\n<p>&nbsp;<\/p>\n<p><span style=\"font-weight: 400;\">Si tus dudas radican en saber qu\u00e9 tipo de doble acristalamiento colocar, te invitamos a entrar en la p\u00e1gina web de <\/span><a href=\"https:\/\/climalit.es\/\"><span style=\"font-weight: 400;\">CLIMALIT<\/span><\/a><span style=\"font-weight: 400;\">, donde podr\u00e1s encontrar todas las opciones disponibles para lograr la calidad y el confort que necesita tu hogar.<\/span><\/p>\n<p>&nbsp;<\/p>\n<p style=\"text-align: center;\"><span style=\"font-weight: 400;\">[button link=\u00bbhttps:\/\/climalit.es\/cambia-tus-ventanas\/\u00bb color=\u00bborange\u00bb] \u00a1Quiero Cambiar mis ventanas![\/button] <\/span><\/p>\n<\/div>","protected":false},"excerpt":{"rendered":"<p>El Plan Renove de Ventanas en la Comunidad Valenciana ya se puede solicitar. Mira las condiciones y mejora la eficiencia energ\u00e9tica de tu hogar.<\/p>\n","protected":false},"author":1,"featured_media":3921,"comment_status":"closed","ping_status":"open","sticky":false,"template":"","format":"standard","meta":{"amp_status":""},"categories":[40],"tags":[],"acf":[],"_links":{"self":[{"href":"https:\/\/climalit.es\/blog\/wp-json\/wp\/v2\/posts\/3916"}],"collection":[{"href":"https:\/\/climalit.es\/blog\/wp-json\/wp\/v2\/posts"}],"about":[{"href":"https:\/\/climalit.es\/blog\/wp-json\/wp\/v2\/types\/post"}],"author":[{"embeddable":true,"href":"https:\/\/climalit.es\/blog\/wp-json\/wp\/v2\/users\/1"}],"replies":[{"embeddable":true,"href":"https:\/\/climalit.es\/blog\/wp-json\/wp\/v2\/comments?post=3916"}],"version-history":[{"count":1,"href":"https:\/\/climalit.es\/blog\/wp-json\/wp\/v2\/posts\/3916\/revisions"}],"predecessor-version":[{"id":5381,"href":"https:\/\/climalit.es\/blog\/wp-json\/wp\/v2\/posts\/3916\/revisions\/5381"}],"wp:featuredmedia":[{"embeddable":true,"href":"https:\/\/climalit.es\/blog\/wp-json\/wp\/v2\/media\/3921"}],"wp:attachment":[{"href":"https:\/\/climalit.es\/blog\/wp-json\/wp\/v2\/media?parent=3916"}],"wp:term":[{"taxonomy":"category","embeddable":true,"href":"https:\/\/climalit.es\/blog\/wp-json\/wp\/v2\/categories?post=3916"},{"taxonomy":"post_tag","embeddable":true,"href":"https:\/\/climalit.es\/blog\/wp-json\/wp\/v2\/tags?post=3916"}],"curies":[{"name":"wp","href":"https:\/\/api.w.org\/{rel}","templated":true}]}}