{"id":3100,"date":"2017-07-10T07:26:12","date_gmt":"2017-07-10T07:26:12","guid":{"rendered":"https:\/\/climalit.es\/blog\/?p=3100"},"modified":"2020-01-23T18:15:19","modified_gmt":"2020-01-23T17:15:19","slug":"que-es-una-ventana-basculante","status":"publish","type":"post","link":"https:\/\/climalit.es\/blog\/que-es-una-ventana-basculante\/","title":{"rendered":"Qu\u00e9 es una ventana basculante"},"content":{"rendered":"<div class=\"bt_bb_wrapper\"><p><span style=\"font-weight: 400;\">La ventana basculante o pivotante es un tipo de ventana que se caracteriza por tener un <strong>eje de rotaci\u00f3n horizontal<\/strong>. Es decir, se abre oscilando sobre un eje horizontal o vertical en el centro del marco. <\/span><\/p>\n<p><span style=\"font-weight: 400;\">La abertura de estas ventanas se realiza inclinando la ventana en direcci\u00f3n al interior del hogar (o al exterior en algunos casos). Las ventanas basculantes <strong>se suelen utilizar como ventanas de tejado<\/strong>, all\u00e1 donde otros tipos de ventanas son dif\u00edciles e inc\u00f3modas de manipular.<\/span><\/p>\n<h2><span style=\"font-weight: 400;\">Tipos de ventanas basculantes<\/span><\/h2>\n<p><img loading=\"lazy\" class=\"size-large wp-image-3103 alignnone\" src=\"https:\/\/climalit.es\/blog\/wp-content\/uploads\/ventana-basculante.jpeg\" alt=\"ventana basculante\" width=\"838\" height=\"541\" \/><\/p>\n<p><span style=\"font-weight: 400;\">En funci\u00f3n del tipo de ventana basculante podremos encontrar ventanas cuyo <\/span><b>eje est\u00e1 la parte superior<\/b><span style=\"font-weight: 400;\"> (ideadas generalmente para situar en paredes); <\/span><b>en la parte inferior<\/b><span style=\"font-weight: 400;\"> (pensadas sobre todo para tejados); o en la <\/span><b>zona central de la ventana ejerciendo de pivote<\/b><span style=\"font-weight: 400;\">.<\/span><\/p>\n<h2><span style=\"font-weight: 400;\">Ventajas de una ventana basculante<\/span><\/h2>\n<p><span style=\"font-weight: 400;\">Este tipo de ventanas ofrecen la posibilidad de <strong>regular la cantidad de ventilaci\u00f3n y sonido<\/strong> que se quiere dejar modificando su \u00e1ngulo de apertura. En verano, esta ventana tiene la ventaja de permitir la entrada de aire fresco por la parte inferior y la salida del aire caliente por el lado superior, equilibrando as\u00ed el nivel t\u00e9rmico de la estancia.<\/span><\/p>\n<p><span style=\"font-weight: 400;\">La ventana basculante es una muy buena opci\u00f3n para <strong>ganar luminosidad en estancias que habitualmente son muy oscuras (buhardillas, altillos, etc)<\/strong>; ya que permiten crear puntos de entrada de luz natural en lugares donde nos es habitual tenerlos. Son relativamente <strong>f\u00e1ciles de limpiar<\/strong> y su mantenimiento no es complejo.<\/span><\/p>\n<p><span style=\"font-weight: 400;\">Una ventana basculante puede funcionar <strong>de forma manual o mediante manivela articulada<\/strong>. En esta \u00faltima modalidad la apertura se realiza a trav\u00e9s de una varilla cil\u00edndrica o sistema de poleas que se encuentra de forma independiente en la pared (esto ser\u00e1 indispensable en ventanas situadas en techos muy altos o en tragaluces).<\/span><\/p>\n<h2><span style=\"font-weight: 400;\">Qu\u00e9 tener en cuenta<\/span><\/h2>\n<p><img loading=\"lazy\" class=\"size-large wp-image-3105 alignnone\" src=\"https:\/\/climalit.es\/blog\/wp-content\/uploads\/ventanas-techo.jpeg\" alt=\"ventanas techo\" width=\"838\" height=\"629\" \/><\/p>\n<p><span style=\"font-weight: 400;\">Al elegir este tipo de ventana, debemos prestar especial atenci\u00f3n al <strong>mecanismo giratorio<\/strong>, pues de \u00e9ste depender\u00e1 en gran medida la durabilidad de la ventana (suele ser su punto m\u00e1s d\u00e9bil si la calidad de los materiales no es la adecuada). <\/span><\/p>\n<p><span style=\"font-weight: 400;\">Si se van a instalar en un tejado, ser\u00e1 fundamental garantizar que la ventana basculante ofrezca una <\/span><b>hermeticidad total<\/b><span style=\"font-weight: 400;\">, por lo que tanto el sistema de herrajes, como la perfiler\u00eda y la instalaci\u00f3n de todo ella, deber\u00e1 ser de la m\u00e1xima calidad.<\/span><\/p>\n<p><span style=\"font-weight: 400;\">Por otro lado, al estar en contacto con el exterior, se deber\u00e1 ser muy exigente en t\u00e9rminos de <\/span><b>aislamiento t\u00e9rmico<\/b><span style=\"font-weight: 400;\">. Se recomienda utilizar siempre vidrios con Aislamiento T\u00e9rmico Reforzado (ATR) y <a href=\"https:\/\/climalit.es\/beneficios\/\">control solar<\/a><\/span><span style=\"font-weight: 400;\">, que minimicen la p\u00e9rdida de calor en el interior de la vivienda durante el invierno, y la entrada calor durante el verano.<\/span><\/p>\n<p><span style=\"font-weight: 400;\">Finalmente, tambi\u00e9n ser\u00e1 crucial contar con un <\/span><a href=\"https:\/\/climalit.es\/blog\/donde-colocar-vidrios-de-seguridad\/\"><b>vidrio adecuado en t\u00e9rminos de seguridad.<\/b><\/a>\u00a0<span style=\"font-weight: 400;\">Las ventanas basculantes situadas en tejados son las que m\u00e1s van a sufrir en t\u00e9rminos de golpes (granizo, ca\u00edda de piedras y ramas, animales andando sobre ellas, etc). Por lo que deber\u00e1n contar con vidrios de seguridad que aseguran la m\u00e1xima protecci\u00f3n como <\/span><span style=\"font-weight: 400;\"><small>SGG<\/small> STADIP PROTECT<sup>\u00ae<\/sup>. <\/span><\/p>\n<\/div>","protected":false},"excerpt":{"rendered":"<p>Tipos de ventanas basculantes. Qu\u00e9 son y c\u00f3mo funcionan. En qu\u00e9 lugares es adecuada su implementaci\u00f3n. Qu\u00e9 debes tener en cuenta.<\/p>\n","protected":false},"author":1,"featured_media":3103,"comment_status":"closed","ping_status":"open","sticky":false,"template":"","format":"standard","meta":{"amp_status":""},"categories":[43],"tags":[102,136,188,219,279,316,332],"acf":[],"_links":{"self":[{"href":"https:\/\/climalit.es\/blog\/wp-json\/wp\/v2\/posts\/3100"}],"collection":[{"href":"https:\/\/climalit.es\/blog\/wp-json\/wp\/v2\/posts"}],"about":[{"href":"https:\/\/climalit.es\/blog\/wp-json\/wp\/v2\/types\/post"}],"author":[{"embeddable":true,"href":"https:\/\/climalit.es\/blog\/wp-json\/wp\/v2\/users\/1"}],"replies":[{"embeddable":true,"href":"https:\/\/climalit.es\/blog\/wp-json\/wp\/v2\/comments?post=3100"}],"version-history":[{"count":2,"href":"https:\/\/climalit.es\/blog\/wp-json\/wp\/v2\/posts\/3100\/revisions"}],"predecessor-version":[{"id":5325,"href":"https:\/\/climalit.es\/blog\/wp-json\/wp\/v2\/posts\/3100\/revisions\/5325"}],"wp:featuredmedia":[{"embeddable":true,"href":"https:\/\/climalit.es\/blog\/wp-json\/wp\/v2\/media\/3103"}],"wp:attachment":[{"href":"https:\/\/climalit.es\/blog\/wp-json\/wp\/v2\/media?parent=3100"}],"wp:term":[{"taxonomy":"category","embeddable":true,"href":"https:\/\/climalit.es\/blog\/wp-json\/wp\/v2\/categories?post=3100"},{"taxonomy":"post_tag","embeddable":true,"href":"https:\/\/climalit.es\/blog\/wp-json\/wp\/v2\/tags?post=3100"}],"curies":[{"name":"wp","href":"https:\/\/api.w.org\/{rel}","templated":true}]}}