{"id":2916,"date":"2017-04-17T16:32:05","date_gmt":"2017-04-17T16:32:05","guid":{"rendered":"https:\/\/climalit.es\/blog\/?p=2916"},"modified":"2020-01-23T18:15:34","modified_gmt":"2020-01-23T17:15:34","slug":"climalit-plus-carlos-herrera-cope","status":"publish","type":"post","link":"https:\/\/climalit.es\/blog\/climalit-plus-carlos-herrera-cope\/","title":{"rendered":"<b>CLIMALIT<\/b> <b>PLUS<\/b> con Carlos Herrera en <b>COPE<\/b>"},"content":{"rendered":"<div class=\"bt_bb_wrapper\"><p><span style=\"font-weight: 400;\">Saint-Gobain Building Glass estrena una campa\u00f1a de radio de la marca CLIMALIT PLUS con entrevistas sobre los beneficios del doble acristalamiento. Las cu\u00f1as se emitir\u00e1n en prime-time en COPE, en el programa de Carlos Herrera con m\u00e1s de 2,5 millones de oyentes y durante los s\u00e1bados con Cristina L\u00f3pez Schlichting.<\/span><\/p>\n<p><span style=\"font-weight: 400;\">Se trata de entrevistas <\/span><span style=\"font-weight: 400;\">a Clementine Guiberteau, Responsable de la marca, <\/span><span style=\"font-weight: 400;\">de sesenta segundos dentro del nuevo formato \u201cHablemos de\u2026\u201d que nos permite explicar, de manera sencilla pero llamativa, los beneficios de <a href=\"https:\/\/climalit.es\/\">CLIMALIT PLUS<\/a> como el confort y el bienestar a trav\u00e9s del aislamiento t\u00e9rmico, el silencio o la seguridad.<\/span><\/p>\n<p><span style=\"font-weight: 400;\">La campa<\/span><span style=\"font-weight: 400;\">\u00f1a comienza el pr\u00f3ximo martes 18<\/span><span style=\"font-weight: 400;\"> de Abril y estar\u00e1 en antena hasta el 10 de Junio. Aqu\u00ed os dejamos las dos cu\u00f1as:<\/span><\/p>\n<blockquote><p><b><i>\u00ab\u00a1No dejes de escucharnos!\u00bb<\/i><\/b><\/p><\/blockquote>\n<p>&nbsp;<\/p>\n<audio class=\"wp-audio-shortcode\" id=\"audio-2916-1\" preload=\"none\" style=\"width: 100%;\" controls=\"controls\"><source type=\"audio\/mpeg\" src=\"https:\/\/climalit.es\/blog\/wp-content\/uploads\/2017\/04\/AMELIE_Hablemos-De_CLIMALIT_1_60_CAST-1.mp3?_=1\" \/><\/audio>\n<p>&nbsp;<\/p>\n<audio class=\"wp-audio-shortcode\" id=\"audio-2916-2\" preload=\"none\" style=\"width: 100%;\" controls=\"controls\"><source type=\"audio\/mpeg\" src=\"https:\/\/climalit.es\/blog\/wp-content\/uploads\/2017\/04\/AMELIE_Hablemos-De_CLIMALIT_2_60_CAST-1.mp3?_=2\" \/><\/audio>\n<\/div>","protected":false},"excerpt":{"rendered":"<p>Nueva campa\u00f1a de radio de la marca CLIMALIT PLUS en la radio con entrevistas sobre los beneficios del doble acristalamiento.<\/p>\n","protected":false},"author":1,"featured_media":2919,"comment_status":"closed","ping_status":"open","sticky":false,"template":"","format":"standard","meta":{"amp_status":""},"categories":[40],"tags":[117,120],"acf":[],"_links":{"self":[{"href":"https:\/\/climalit.es\/blog\/wp-json\/wp\/v2\/posts\/2916"}],"collection":[{"href":"https:\/\/climalit.es\/blog\/wp-json\/wp\/v2\/posts"}],"about":[{"href":"https:\/\/climalit.es\/blog\/wp-json\/wp\/v2\/types\/post"}],"author":[{"embeddable":true,"href":"https:\/\/climalit.es\/blog\/wp-json\/wp\/v2\/users\/1"}],"replies":[{"embeddable":true,"href":"https:\/\/climalit.es\/blog\/wp-json\/wp\/v2\/comments?post=2916"}],"version-history":[{"count":1,"href":"https:\/\/climalit.es\/blog\/wp-json\/wp\/v2\/posts\/2916\/revisions"}],"predecessor-version":[{"id":5421,"href":"https:\/\/climalit.es\/blog\/wp-json\/wp\/v2\/posts\/2916\/revisions\/5421"}],"wp:featuredmedia":[{"embeddable":true,"href":"https:\/\/climalit.es\/blog\/wp-json\/wp\/v2\/media\/2919"}],"wp:attachment":[{"href":"https:\/\/climalit.es\/blog\/wp-json\/wp\/v2\/media?parent=2916"}],"wp:term":[{"taxonomy":"category","embeddable":true,"href":"https:\/\/climalit.es\/blog\/wp-json\/wp\/v2\/categories?post=2916"},{"taxonomy":"post_tag","embeddable":true,"href":"https:\/\/climalit.es\/blog\/wp-json\/wp\/v2\/tags?post=2916"}],"curies":[{"name":"wp","href":"https:\/\/api.w.org\/{rel}","templated":true}]}}