{"id":2385,"date":"2016-08-10T09:33:06","date_gmt":"2016-08-10T09:33:06","guid":{"rendered":"https:\/\/climalit.es\/blog\/?p=2385"},"modified":"2020-01-23T18:16:04","modified_gmt":"2020-01-23T17:16:04","slug":"newsletter-saint-gobain-building-glass-julio-2016","status":"publish","type":"post","link":"https:\/\/climalit.es\/blog\/newsletter-saint-gobain-building-glass-julio-2016\/","title":{"rendered":"<b>NEWSLETTER<\/b> Saint-Gobain Building Glass Julio 2016"},"content":{"rendered":"<div class=\"bt_bb_wrapper\"><p>Saint-Gobain Building Glass ha lanzado su \u00faltima NEWSLETTER a finales del pasado mes de Julio.<\/p>\n<p><span style=\"font-weight: 400;\">Con un formato nuevo, esta publicaci\u00f3n recoge las <strong>\u00faltimas noticias, art\u00edculos, y publicaciones relacionadas con la compa\u00f1\u00eda<\/strong>. Desde la presentaci\u00f3n del <a href=\"https:\/\/climalit.es\/blog\/saintgobain-estrena-logo-e-imagen-corporativa\/\">nuevo logo del grupo Saint-Gobain<\/a>, hasta la <a href=\"https:\/\/climalit.es\/blog\/jurado-de-los-premios-saint-gobain-cristaleriacitav-de-arquitectura-en-vidrio-2016\/\">convocatoria de los Premios de Arquitectura en Vidrio 2016<\/a>, pasando por las acciones de la marca\u00a0<\/span><span style=\"font-weight: 400;\">SGG<\/span><span style=\"font-weight: 400;\"> CLIMALIT PLUS<sup>\u00ae<\/sup> m\u00e1s destacadas en medios, y por supuesto, el lanzamiento de nuevos productos, como el <\/span><strong>SGG<\/strong><span style=\"font-weight: 400;\"><strong> COOL-LITE XTREME 70\/33<\/strong>.<\/span><\/p>\n<p><a href=\"https:\/\/www.newsletter-im.saint-gobain.com\/archive\/marketingessgg\/Noticias-Saint-Gobain-Building-Glass-Julio-2016--734.html?e=&amp;u=V\"><img loading=\"lazy\" class=\"alignnone wp-image-2387 size-full\" src=\"https:\/\/climalit.es\/blog\/wp-content\/uploads\/2016\/08\/Newsletter_Saint-Gobain-Glass-Julio2016-1.jpg\" alt=\"Newsletter_Saint-Gobain-Glass-Julio2016\" width=\"550\" height=\"828\" \/><\/a><\/p>\n<p><b><i>No te pierdas ninguna de sus noticias. \u00a0<\/i><\/b><a href=\"https:\/\/www.newsletter-im.saint-gobain.com\/archive\/marketingessgg\/Noticias-Saint-Gobain-Building-Glass-Julio-2016--734.html?e=&amp;u=V\"><b><i>Accede aqu\u00ed a la Newsletter<\/i><\/b><\/a><\/p>\n<\/div>","protected":false},"excerpt":{"rendered":"<p>Saint-Gobain Building Glass ha lanzado su \u00faltima NEWSLETTER a finales del pasado mes de Julio. Con un formato nuevo.<\/p>\n","protected":false},"author":1,"featured_media":1486,"comment_status":"closed","ping_status":"open","sticky":false,"template":"","format":"standard","meta":{"amp_status":""},"categories":[40],"tags":[285,286],"acf":[],"_links":{"self":[{"href":"https:\/\/climalit.es\/blog\/wp-json\/wp\/v2\/posts\/2385"}],"collection":[{"href":"https:\/\/climalit.es\/blog\/wp-json\/wp\/v2\/posts"}],"about":[{"href":"https:\/\/climalit.es\/blog\/wp-json\/wp\/v2\/types\/post"}],"author":[{"embeddable":true,"href":"https:\/\/climalit.es\/blog\/wp-json\/wp\/v2\/users\/1"}],"replies":[{"embeddable":true,"href":"https:\/\/climalit.es\/blog\/wp-json\/wp\/v2\/comments?post=2385"}],"version-history":[{"count":1,"href":"https:\/\/climalit.es\/blog\/wp-json\/wp\/v2\/posts\/2385\/revisions"}],"predecessor-version":[{"id":5438,"href":"https:\/\/climalit.es\/blog\/wp-json\/wp\/v2\/posts\/2385\/revisions\/5438"}],"wp:featuredmedia":[{"embeddable":true,"href":"https:\/\/climalit.es\/blog\/wp-json\/wp\/v2\/media\/1486"}],"wp:attachment":[{"href":"https:\/\/climalit.es\/blog\/wp-json\/wp\/v2\/media?parent=2385"}],"wp:term":[{"taxonomy":"category","embeddable":true,"href":"https:\/\/climalit.es\/blog\/wp-json\/wp\/v2\/categories?post=2385"},{"taxonomy":"post_tag","embeddable":true,"href":"https:\/\/climalit.es\/blog\/wp-json\/wp\/v2\/tags?post=2385"}],"curies":[{"name":"wp","href":"https:\/\/api.w.org\/{rel}","templated":true}]}}