{"id":1860,"date":"2016-01-11T14:52:54","date_gmt":"2016-01-11T14:52:54","guid":{"rendered":"https:\/\/climalit.es\/blog\/?p=1860"},"modified":"2020-01-23T18:16:27","modified_gmt":"2020-01-23T17:16:27","slug":"el-vidrio-laminado","status":"publish","type":"post","link":"https:\/\/climalit.es\/blog\/el-vidrio-laminado\/","title":{"rendered":"El vidrio laminado"},"content":{"rendered":"<div class=\"bt_bb_wrapper\"><p>El <strong>vidrio laminado\u00a0<\/strong>es un acristalamiento de seguridad compuesto por dos o m\u00e1s\u00a0vidrios\u00a0unidos por medio de una o varias l\u00e1minas de butiral de polivinilo (PVB).<\/p>\n<p>Esta l\u00e1mina, puede ser traslucida o transparente; puede tener\u00a0colores; o puede incluir dibujos, diodos,\u00a0etc.<\/p>\n<p>En caso de choque o de impacto estas l\u00e1minas o films mantienen a los vidrios unidos: el vidrio se rompe pero en trozos que permanecen unidos\u00a0a las l\u00e1minas de PVB.<\/p>\n<h2>Tipos de\u00a0vidrio laminado<\/h2>\n<p>El vidrio laminado<strong>\u00a0puede tener una o varias l\u00e1minas intermedias<\/strong>. Tenemos varias opciones que van desde un vidrio laminado con un solo film de pl\u00e1stico: protecci\u00f3n b\u00e1sica. Se protege contra el riesgo de heridas en caso de rotura accidental. En el caso de llevar dos o m\u00e1s films de pl\u00e1stico se consigue\u00a0protecci\u00f3n reforzada; se protege contra el riesgo de ca\u00edda al vac\u00edo y contra la ca\u00edda de objetos.\u00a0En ambos casos los trozos de vidrio permanecen en su lugar, pegados a los films pl\u00e1sticos a la espera de la sustituci\u00f3n del vidrio con lo que evitamos posibles riesgos de cortes o ca\u00eddas.<\/p>\n<p>El vidrio laminado puede estar\u00a0<b>fabricado con\u00a0vidrios templados <\/b><b>(<small>SGG<\/small> SECURIT) <\/b><b>o sin templar<\/b>. Si los vidrios son templados, se aunar\u00e1n en un mismo cristal\u00a0las cualidades\u00a0que tienen\u00a0los tratamientos del temple y de laminado.<\/p>\n<h2>Ventajas del vidrio laminado<\/h2>\n<ul>\n<li>Mayor nivel de <strong>resistencia<\/strong><\/li>\n<li>Es un cristal pr\u00e1cticamente <strong>inseparable<\/strong> (en caso de rotura, la l\u00e1mina ejerce de retenci\u00f3n y evita que el cristal se haga a\u00f1icos).<\/li>\n<li>El vidrio laminado <strong>aumenta la seguridad<\/strong><\/li>\n<li><strong>Protege<\/strong> a las personas y ni\u00f1os frente a los riesgos de heridas en caso de rotura.<\/li>\n<li><strong>Filtra los rayos solares<\/strong> ultravioletas (UV) en m\u00e1s de un 95%.<\/li>\n<li>Sirve para mejorar los efectos de degradaci\u00f3n del color.<\/li>\n<\/ul>\n<p>El vidrio laminado adem\u00e1s\u00a0se puede combinar con otras propiedades\u00a0del vidrio que aumentan el\u00a0confort: <a title=\"Ventanas con vidrio de aislamiento t\u00e9rmico reforzado\" href=\"https:\/\/climalit.es\/blog\/ventanas-con-aislamiento-termico-reforzado\/\">Aislamiento T\u00e9rmico Reforzado<\/a>, aislamiento ac\u00fastico, autolimpieza, decoraci\u00f3n &#8230;<\/p>\n<\/div>","protected":false},"excerpt":{"rendered":"<p>\u00bfQu\u00e9 es el vidrio laminado? Tipos de vidrios laminados y ventajas frente a otro tipo de vidrios.<\/p>\n","protected":false},"author":1,"featured_media":1965,"comment_status":"closed","ping_status":"open","sticky":false,"template":"","format":"standard","meta":{"amp_status":""},"categories":[43],"tags":[117,160,162,163,311,317,360],"acf":[],"_links":{"self":[{"href":"https:\/\/climalit.es\/blog\/wp-json\/wp\/v2\/posts\/1860"}],"collection":[{"href":"https:\/\/climalit.es\/blog\/wp-json\/wp\/v2\/posts"}],"about":[{"href":"https:\/\/climalit.es\/blog\/wp-json\/wp\/v2\/types\/post"}],"author":[{"embeddable":true,"href":"https:\/\/climalit.es\/blog\/wp-json\/wp\/v2\/users\/1"}],"replies":[{"embeddable":true,"href":"https:\/\/climalit.es\/blog\/wp-json\/wp\/v2\/comments?post=1860"}],"version-history":[{"count":1,"href":"https:\/\/climalit.es\/blog\/wp-json\/wp\/v2\/posts\/1860\/revisions"}],"predecessor-version":[{"id":4694,"href":"https:\/\/climalit.es\/blog\/wp-json\/wp\/v2\/posts\/1860\/revisions\/4694"}],"wp:featuredmedia":[{"embeddable":true,"href":"https:\/\/climalit.es\/blog\/wp-json\/wp\/v2\/media\/1965"}],"wp:attachment":[{"href":"https:\/\/climalit.es\/blog\/wp-json\/wp\/v2\/media?parent=1860"}],"wp:term":[{"taxonomy":"category","embeddable":true,"href":"https:\/\/climalit.es\/blog\/wp-json\/wp\/v2\/categories?post=1860"},{"taxonomy":"post_tag","embeddable":true,"href":"https:\/\/climalit.es\/blog\/wp-json\/wp\/v2\/tags?post=1860"}],"curies":[{"name":"wp","href":"https:\/\/api.w.org\/{rel}","templated":true}]}}