{"id":1620,"date":"2015-08-01T12:32:40","date_gmt":"2015-08-01T12:32:40","guid":{"rendered":"https:\/\/climalit.es\/blog\/?p=1620"},"modified":"2020-01-23T18:16:51","modified_gmt":"2020-01-23T17:16:51","slug":"saint-gobain-patrocina-el-green-building-council-espana-en-2016","status":"publish","type":"post","link":"https:\/\/climalit.es\/blog\/saint-gobain-patrocina-el-green-building-council-espana-en-2016\/","title":{"rendered":"Saint-Gobain patrocina el Green Building Council Espa\u00f1a en 2016"},"content":{"rendered":"<div class=\"bt_bb_wrapper\"><p>Saint-Gobain ha firmado el patrocinio del <strong>Green Building Council Espa\u00f1a<\/strong> (GBCe) para el a\u00f1o 2016 y se convierte en uno de los cinco patrocinadores principales.<\/p>\n<p>Saint-Gobain Glass, al igual que el GBCe, apuesta por el desarrollo de una edificaci\u00f3n sostenible y fomenta la rehabilitaci\u00f3n con criterios de eficiencia energ\u00e9tica con su doble acristalamiento para ventanas <a title=\"<small>SGG<\/small> CLIMALIT PLUS\u00bb href=\u00bbhttps:\/\/climalit.es\/climalit-plus-info\/\u00bb target=\u00bb_blank\u00bb rel=\u00bbnoopener noreferrer\u00bb><small>SGG<\/small> CLIMALIT PLUS<\/a>, con vidrios bajo emisivos y de Aislamiento T\u00e9rmico Reforzado (<strong><small>SGG<\/small> PLANITHERM<\/strong>, <strong><small>SGG<\/small> PLANISTAR ONE<\/strong>).<\/p>\n<\/div>","protected":false},"excerpt":{"rendered":"<p>Saint-Gobain ha firmado el patrocinio del Green Building Council Espa\u00f1a (GBCe) para el a\u00f1o 2016 y se convierte en uno de los cinco patrocinadores principales.<\/p>\n","protected":false},"author":1,"featured_media":1623,"comment_status":"closed","ping_status":"open","sticky":false,"template":"","format":"standard","meta":{"amp_status":""},"categories":[40],"tags":[117,120,209,285,290],"acf":[],"_links":{"self":[{"href":"https:\/\/climalit.es\/blog\/wp-json\/wp\/v2\/posts\/1620"}],"collection":[{"href":"https:\/\/climalit.es\/blog\/wp-json\/wp\/v2\/posts"}],"about":[{"href":"https:\/\/climalit.es\/blog\/wp-json\/wp\/v2\/types\/post"}],"author":[{"embeddable":true,"href":"https:\/\/climalit.es\/blog\/wp-json\/wp\/v2\/users\/1"}],"replies":[{"embeddable":true,"href":"https:\/\/climalit.es\/blog\/wp-json\/wp\/v2\/comments?post=1620"}],"version-history":[{"count":1,"href":"https:\/\/climalit.es\/blog\/wp-json\/wp\/v2\/posts\/1620\/revisions"}],"predecessor-version":[{"id":4690,"href":"https:\/\/climalit.es\/blog\/wp-json\/wp\/v2\/posts\/1620\/revisions\/4690"}],"wp:featuredmedia":[{"embeddable":true,"href":"https:\/\/climalit.es\/blog\/wp-json\/wp\/v2\/media\/1623"}],"wp:attachment":[{"href":"https:\/\/climalit.es\/blog\/wp-json\/wp\/v2\/media?parent=1620"}],"wp:term":[{"taxonomy":"category","embeddable":true,"href":"https:\/\/climalit.es\/blog\/wp-json\/wp\/v2\/categories?post=1620"},{"taxonomy":"post_tag","embeddable":true,"href":"https:\/\/climalit.es\/blog\/wp-json\/wp\/v2\/tags?post=1620"}],"curies":[{"name":"wp","href":"https:\/\/api.w.org\/{rel}","templated":true}]}}